{"id":293,"date":"2023-06-24T09:39:51","date_gmt":"2023-06-24T09:39:51","guid":{"rendered":"https:\/\/avush.com\/?p=293"},"modified":"2023-07-06T12:43:34","modified_gmt":"2023-07-06T12:43:34","slug":"altersflecken-sonne","status":"publish","type":"post","link":"https:\/\/avush.com\/hu\/oeregsegi-folt-nap\/","title":{"rendered":"\u00d6regs\u00e9gi foltok \u00e9s napoz\u00e1s: Mi\u00e9rt olyan fontos a napv\u00e9delem?"},"content":{"rendered":"<p><a href=\"https:\/\/avush.com\/hu\/oeregsegi-foltok\/\">\u00c9letkori foltok<\/a>, m\u00e1s n\u00e9ven szenilis lentiginek, a b\u0151r\u00f6n megjelen\u0151 s\u00f6t\u00e9t foltok, amelyek gyakran a term\u00e9szetes \u00f6reged\u00e9si folyamathoz \u00e9s a napoz\u00e1shoz kapcsol\u00f3dnak. A test k\u00fcl\u00f6nb\u00f6z\u0151 ter\u00fcletein jelenhetnek meg, k\u00fcl\u00f6n\u00f6sen azokon a ter\u00fcleteken, amelyek \u00e9vek \u00f3ta ki vannak t\u00e9ve a napf\u00e9nynek. Ebben a blogbejegyz\u00e9sben k\u00f6zelebbr\u0151l megvizsg\u00e1ljuk az \u00f6regs\u00e9gi foltok \u00e9s a napoz\u00e1s k\u00f6z\u00f6tti kapcsolatot, \u00e9s elmagyar\u00e1zzuk, hogy a napv\u00e9delem mi\u00e9rt j\u00e1tszik d\u00f6nt\u0151 szerepet az \u00f6regs\u00e9gi foltok megel\u0151z\u00e9s\u00e9ben \u00e9s cs\u00f6kkent\u00e9s\u00e9ben.<\/p>\n\n\n\n<h2 class=\"wp-block-heading\">Mi\u00e9rt alakulnak ki az \u00f6regs\u00e9gi foltok?<\/h2>\n\n\n\n<p>Az \u00f6regs\u00e9gi foltokat a b\u0151r sz\u00edn\u00e9\u00e9rt felel\u0151s pigment, a melanin felhalmoz\u00f3d\u00e1sa okozza. Az \u00f6regs\u00e9gi foltok kialakul\u00e1s\u00e1nak egyik f\u0151 kiv\u00e1lt\u00f3 oka a napoz\u00e1s. A nap ultraibolya (UV) sugarai arra serkentik a b\u0151rben l\u00e9v\u0151 melanocit\u00e1kat, hogy t\u00f6bb melanint termeljenek, hogy megv\u00e9dj\u00e9k a b\u0151rt a k\u00e1rosod\u00e1st\u00f3l. Id\u0151vel ez a t\u00falzott melanintermel\u00e9s a pigment egyenetlen eloszl\u00e1s\u00e1hoz vezethet, \u00e9s \u00f6regs\u00e9gi foltokat okozhat.<\/p>\n\n\n\n<h2 class=\"wp-block-heading\">Mi\u00e9rt olyan fontos a napv\u00e9delem?<\/h2>\n\n\n\n<ol class=\"wp-block-list\">\n<li><strong>Az \u00f6regs\u00e9gi foltok megel\u0151z\u00e9se:<\/strong> Az \u00f6regs\u00e9gi foltok megel\u0151z\u00e9s\u00e9nek kulcsa a napv\u00e9delem. A megfelel\u0151 f\u00e9nyv\u00e9d\u0151 faktorral (SPF) ell\u00e1tott f\u00e9nyv\u00e9d\u0151 kr\u00e9m haszn\u00e1lat\u00e1val megv\u00e9di b\u0151r\u00e9t a nap k\u00e1ros UV-sug\u00e1rz\u00e1s\u00e1t\u00f3l. Ez cs\u00f6kkenti a melanocit\u00e1k stimul\u00e1ci\u00f3j\u00e1t, hogy t\u00f6bb melanint termeljenek, \u00e9s cs\u00f6kkenti az \u00f6regs\u00e9gi foltok kialakul\u00e1s\u00e1nak kock\u00e1zat\u00e1t.<\/li>\n\n\n\n<li><strong>A megl\u00e9v\u0151 \u00f6regs\u00e9gi foltok minimaliz\u00e1l\u00e1sa:<\/strong> A f\u00e9nyv\u00e9d\u0151 term\u00e9kek rendszeres haszn\u00e1lata seg\u00edthet megel\u0151zni a megl\u00e9v\u0151 \u00f6regs\u00e9gi foltok s\u00falyosbod\u00e1s\u00e1t. A napoz\u00e1s fokozhatja a foltok intenzit\u00e1s\u00e1t \u00e9s l\u00e1that\u00f3s\u00e1g\u00e1t. Ha v\u00e9di b\u0151r\u00e9t a napt\u00f3l, cs\u00f6kkentheti a pigmenteltol\u00f3d\u00e1s \u00e9s az \u00f6regs\u00e9gi foltok tov\u00e1bbi kialakul\u00e1s\u00e1nak kock\u00e1zat\u00e1t.<\/li>\n\n\n\n<li><strong>A b\u0151r eg\u00e9szs\u00e9g\u00e9nek fenntart\u00e1sa: <\/strong>A napv\u00e9delem nemcsak az \u00f6regs\u00e9gi foltok megel\u0151z\u00e9se, hanem a b\u0151r \u00e1ltal\u00e1nos eg\u00e9szs\u00e9ge szempontj\u00e1b\u00f3l is fontos. A t\u00falzott napoz\u00e1s id\u0151 el\u0151tti \u00f6reged\u00e9shez, r\u00e1ncosod\u00e1shoz, le\u00e9g\u00e9shez \u00e9s ak\u00e1r b\u0151rr\u00e1khoz is vezethet. A megfelel\u0151 napv\u00e9delem seg\u00edt minimaliz\u00e1lni ezeket a k\u00e1ros hat\u00e1sokat \u00e9s fenntartani b\u0151re eg\u00e9szs\u00e9g\u00e9t.<\/li>\n<\/ol>\n\n\n\n<figure class=\"wp-block-image size-large\"><img loading=\"lazy\" decoding=\"async\" width=\"1024\" height=\"680\" src=\"https:\/\/avush.com\/wp-content\/uploads\/2023\/06\/Sonne-Alterflecken-1024x680.jpg\" alt=\"Nap kora foltok\" class=\"wp-image-298\" srcset=\"https:\/\/avush.com\/wp-content\/uploads\/2023\/06\/Sonne-Alterflecken-1024x680.jpg 1024w, https:\/\/avush.com\/wp-content\/uploads\/2023\/06\/Sonne-Alterflecken-300x199.jpg 300w, https:\/\/avush.com\/wp-content\/uploads\/2023\/06\/Sonne-Alterflecken-768x510.jpg 768w, https:\/\/avush.com\/wp-content\/uploads\/2023\/06\/Sonne-Alterflecken-600x398.jpg 600w, https:\/\/avush.com\/wp-content\/uploads\/2023\/06\/Sonne-Alterflecken.jpg 1274w\" sizes=\"auto, (max-width: 1024px) 100vw, 1024px\" \/><\/figure>\n\n\n\n<h2 class=\"wp-block-heading\">Tippek a hat\u00e9kony napv\u00e9delemhez:<\/h2>\n\n\n\n<ul class=\"wp-block-list\">\n<li>Haszn\u00e1ljon sz\u00e9les spektrum\u00fa, legal\u00e1bb 30-as f\u00e9nyv\u00e9d\u0151 faktor\u00fa f\u00e9nyv\u00e9d\u0151 kr\u00e9met.<\/li>\n\n\n\n<li>B\u0151s\u00e9gesen kenje be naptejjel az \u00f6sszes szabadon l\u00e9v\u0151 b\u0151rfel\u00fcletet, bele\u00e9rtve az arcot, a nyakat, a karokat \u00e9s a kezeket.<\/li>\n\n\n\n<li>K\u00e9t\u00f3r\u00e1nk\u00e9nt \u00faj\u00edtsa meg a f\u00e9nyv\u00e9d\u0151 kr\u00e9met, k\u00fcl\u00f6n\u00f6sen \u00fasz\u00e1s vagy izzad\u00e1s ut\u00e1n.<\/li>\n\n\n\n<li>Viseljen v\u00e9d\u0151ruh\u00e1zatot, p\u00e9ld\u00e1ul kalapot, napszem\u00fcveget \u00e9s hossz\u00fa ujj\u00fa inget.<\/li>\n\n\n\n<li>Ker\u00fclje a t\u00falzott napoz\u00e1st, k\u00fcl\u00f6n\u00f6sen a d\u00e9lel\u0151tt 10 \u00e9s d\u00e9lut\u00e1n 4 \u00f3ra k\u00f6z\u00f6tti cs\u00facsid\u0151ben.<\/li>\n<\/ul>\n\n\n\n<p>K\u00f6vetkeztet\u00e9s:<\/p>\n\n\n\n<p>A napoz\u00e1s d\u00f6nt\u0151 szerepet j\u00e1tszik az \u00f6regs\u00e9gi foltok kialakul\u00e1s\u00e1ban. Napv\u00e9d\u0151 kr\u00e9m haszn\u00e1lat\u00e1val megv\u00e9dheti b\u0151r\u00e9t a k\u00e1ros UV-sugarakt\u00f3l, \u00e9s cs\u00f6kkentheti az \u00f6regs\u00e9gi foltok kialakul\u00e1s\u00e1nak kock\u00e1zat\u00e1t. Ne feledje, hogy a napv\u00e9delem nemcsak az \u00f6regs\u00e9gi foltok megel\u0151z\u00e9se, hanem b\u0151re \u00e1ltal\u00e1nos eg\u00e9szs\u00e9ge szempontj\u00e1b\u00f3l is fontos. Ha a napv\u00e9d\u0151 int\u00e9zked\u00e9seket be\u00e9p\u00edti a napi rutinj\u00e1ba, meg\u00f3vhatja b\u0151r\u00e9t a korai \u00f6reged\u00e9st\u0151l \u00e9s a nap egy\u00e9b k\u00e1ros hat\u00e1sait\u00f3l.<\/p>\n\n\n\n<h2 class=\"wp-block-heading\" id=\"h-fragen-und-antworten-zu-altersflecken-und-sonne\">K\u00e9rd\u00e9sek \u00e9s v\u00e1laszok az \u00f6regs\u00e9gi foltokr\u00f3l \u00e9s a napr\u00f3l<\/h2>\n\n\n\t\t<section\t\tclass=\"sc_fs_faq sc_card\"\n\t\t\t\t>\n\t\t\t\t<h3>Elker\u00fclhetem az \u00f6regs\u00e9gi foltokat, ha csak napf\u00e9nyes napokon haszn\u00e1lok naptejet?<\/h3>\t\t\t\t<div>\n\t\t\t\t\t\t<div class=\"sc_fs_faq__content\">\n\t\t\t\t\n\n<p>Nem, az \u00f6regs\u00e9gi foltok felh\u0151s id\u0151ben vagy \u00e1rny\u00e9kban is megjelenhetnek. Az UV-sugarak a felh\u0151k\u00f6n kereszt\u00fcl is \u00e1thatolnak, \u00e9s k\u00e1ros\u00edthatj\u00e1k a b\u0151rt. Ez\u00e9rt fontos, hogy id\u0151j\u00e1r\u00e1st\u00f3l f\u00fcggetlen\u00fcl naponta haszn\u00e1ljon naptejet.<\/p>\n\n\t\t\t<\/div>\n\t\t<\/div>\n\t\t<\/section>\n\t\t\t\t<section\t\tclass=\"sc_fs_faq sc_card\"\n\t\t\t\t>\n\t\t\t\t<h3>Megel\u0151zhetem az \u00f6regs\u00e9gi foltokat napszem\u00fcveg \u00e9s kalap visel\u00e9s\u00e9vel?<\/h3>\t\t\t\t<div>\n\t\t\t\t\t\t<div class=\"sc_fs_faq__content\">\n\t\t\t\t\n\n<p>M\u00edg a napszem\u00fcvegek \u00e9s a kalapok megv\u00e9dik a k\u00f6zvetlen napf\u00e9nyt\u0151l az arc \u00e9s a szem bizonyos ter\u00fcleteit, nem ny\u00fajtanak teljes v\u00e9delmet az \u00f6regs\u00e9gi foltok ellen. Az \u00f6regs\u00e9gi foltok kock\u00e1zat\u00e1nak minimaliz\u00e1l\u00e1sa \u00e9rdek\u00e9ben tov\u00e1bbra is fontos, hogy a napv\u00e9d\u0151 kr\u00e9met az \u00f6sszes szabadon l\u00e9v\u0151 b\u0151rfel\u00fcleten haszn\u00e1ljuk.<\/p>\n\n\t\t\t<\/div>\n\t\t<\/div>\n\t\t<\/section>\n\t\t\t\t<section\t\tclass=\"sc_fs_faq sc_card\"\n\t\t\t\t>\n\t\t\t\t<h3>Melyik f\u00e9nyv\u00e9d\u0151 faktor (SPF) a legjobb az \u00f6regs\u00e9gi foltok elleni v\u00e9delemhez?<\/h3>\t\t\t\t<div>\n\t\t\t\t\t\t<div class=\"sc_fs_faq__content\">\n\t\t\t\t\n\n<p>Aj\u00e1nlott legal\u00e1bb 30-as f\u00e9nyv\u00e9d\u0151 faktorral (SPF) rendelkez\u0151 f\u00e9nyv\u00e9d\u0151 kr\u00e9met haszn\u00e1lni. A magasabb SPF tov\u00e1bbi v\u00e9delmet ny\u00fajt, de a legfontosabb, hogy rendszeresen haszn\u00e1lja, \u00e9s k\u00e9t\u00f3r\u00e1nk\u00e9nt \u00fajrakenje.<\/p>\n\n\t\t\t<\/div>\n\t\t<\/div>\n\t\t<\/section>\n\t\t\t\t<section\t\tclass=\"sc_fs_faq sc_card\"\n\t\t\t\t>\n\t\t\t\t<h3>Megszabadulhatok a megl\u00e9v\u0151 \u00f6regs\u00e9gi foltjaimt\u00f3l f\u00e9nyv\u00e9d\u0151 haszn\u00e1lat\u00e1val?<\/h3>\t\t\t\t<div>\n\t\t\t\t\t\t<div class=\"sc_fs_faq__content\">\n\t\t\t\t\n\n<p>A napv\u00e9d\u0151 kr\u00e9mek seg\u00edthetnek lass\u00edtani a megl\u00e9v\u0151 \u00f6regs\u00e9gi foltok kialakul\u00e1s\u00e1t \u00e9s cs\u00f6kkenthetik azok l\u00e1that\u00f3s\u00e1g\u00e1t. Nem val\u00f3sz\u00edn\u0171 azonban, hogy a f\u00e9nyv\u00e9d\u0151 \u00f6nmag\u00e1ban teljesen elt\u00fcnteti a megl\u00e9v\u0151 \u00f6regs\u00e9gi foltokat. Ilyen esetekben forduljon b\u0151rgy\u00f3gy\u00e1szhoz a megfelel\u0151 kezel\u00e9si lehet\u0151s\u00e9gek megbesz\u00e9l\u00e9se c\u00e9lj\u00e1b\u00f3l.<\/p>\n\n\t\t\t<\/div>\n\t\t<\/div>\n\t\t<\/section>\n\t\t\t\t<section\t\tclass=\"sc_fs_faq sc_card\"\n\t\t\t\t>\n\t\t\t\t<h3>Vannak m\u00e1s int\u00e9zked\u00e9sek, amelyeket az \u00f6regs\u00e9gi foltok megel\u0151z\u00e9s\u00e9re tehetn\u00e9k?<\/h3>\t\t\t\t<div>\n\t\t\t\t\t\t<div class=\"sc_fs_faq__content\">\n\t\t\t\t\n\n<p>A f\u00e9nyv\u00e9d\u0151 kr\u00e9meken k\u00edv\u00fcl m\u00e1s \u00f3vint\u00e9zked\u00e9seket is tehet az \u00f6regs\u00e9gi foltok kock\u00e1zat\u00e1nak cs\u00f6kkent\u00e9se \u00e9rdek\u00e9ben. Ezek k\u00f6z\u00e9 tartozik a v\u00e9d\u0151ruh\u00e1zat visel\u00e9se, a t\u00falzott napoz\u00e1s elker\u00fcl\u00e9se a cs\u00facsid\u0151szakban, \u00e9s az \u00e1rny\u00e9k keres\u00e9se, amikor a nap a legintenz\u00edvebb. Az eg\u00e9szs\u00e9ges \u00e9letm\u00f3d, a kiegyens\u00falyozott t\u00e1pl\u00e1lkoz\u00e1s, a megfelel\u0151 folyad\u00e9kbevitel \u00e9s a stressz kezel\u00e9se szint\u00e9n hozz\u00e1j\u00e1rulhat a b\u0151r eg\u00e9szs\u00e9g\u00e9hez.<\/p>\n\n\t\t\t<\/div>\n\t\t<\/div>\n\t\t<\/section>\n\t\t\n<script type=\"application\/ld+json\">{\n    \"@context\": \"https:\\\/\\\/schema.org\",\n    \"@type\": \"FAQPage\",\n    \"mainEntity\": [\n        {\n            \"@type\": \"Question\",\n            \"name\": \"Kann ich Altersflecken vermeiden, indem ich Sonnenschutz nur an sonnigen Tagen verwende?\",\n            \"acceptedAnswer\": {\n                \"@type\": \"Answer\",\n                \"text\": \"<p>Nein, Altersflecken k\\u00f6nnen auch bei bew\\u00f6lktem Wetter oder im Schatten auftreten. UV-Strahlen dringen auch durch Wolken und k\\u00f6nnen die Haut sch\\u00e4digen. Daher ist es wichtig, Sonnenschutz t\\u00e4glich anzuwenden, unabh\\u00e4ngig vom Wetter.<\\\/p>\"\n            }\n        },\n        {\n            \"@type\": \"Question\",\n            \"name\": \"Kann ich Altersflecken durch das Tragen von Sonnenbrillen und H\\u00fcten verhindern?\",\n            \"acceptedAnswer\": {\n                \"@type\": \"Answer\",\n                \"text\": \"<p>Sonnenbrillen und H\\u00fcte sch\\u00fctzen zwar bestimmte Bereiche wie Gesicht und Augen vor direkter Sonneneinstrahlung, aber sie bieten keinen vollst\\u00e4ndigen Schutz vor Altersflecken. Die Verwendung von Sonnencreme auf der gesamten exponierten Haut ist dennoch wichtig, um das Risiko von Altersflecken zu minimieren.<\\\/p>\"\n            }\n        },\n        {\n            \"@type\": \"Question\",\n            \"name\": \"Welcher Lichtschutzfaktor (LSF) ist f\\u00fcr den Schutz vor Altersflecken am besten geeignet?\",\n            \"acceptedAnswer\": {\n                \"@type\": \"Answer\",\n                \"text\": \"<p>Es wird empfohlen, eine Sonnencreme mit einem Lichtschutzfaktor (LSF) von mindestens 30 zu verwenden. Ein h\\u00f6herer LSF bietet zus\\u00e4tzlichen Schutz, aber der Schl\\u00fcssel liegt in der regelm\\u00e4\\u00dfigen Anwendung und dem Nachcremen alle zwei Stunden.<\\\/p>\"\n            }\n        },\n        {\n            \"@type\": \"Question\",\n            \"name\": \"Kann ich meine vorhandenen Altersflecken durch Sonnenschutz loswerden?\",\n            \"acceptedAnswer\": {\n                \"@type\": \"Answer\",\n                \"text\": \"<p>Sonnenschutz kann helfen, das Fortschreiten vorhandener Altersflecken zu verlangsamen und ihre Sichtbarkeit zu reduzieren. Es ist jedoch unwahrscheinlich, dass Sonnenschutz allein vorhandene Altersflecken vollst\\u00e4ndig entfernt. In solchen F\\u00e4llen k\\u00f6nnen Sie einen Dermatologen konsultieren, um geeignete Behandlungsm\\u00f6glichkeiten zu besprechen.<\\\/p>\"\n            }\n        },\n        {\n            \"@type\": \"Question\",\n            \"name\": \"Gibt es andere Ma\\u00dfnahmen, die ich ergreifen kann, um Altersflecken zu vermeiden?\",\n            \"acceptedAnswer\": {\n                \"@type\": \"Answer\",\n                \"text\": \"<p>Neben Sonnenschutz k\\u00f6nnen Sie auch andere Vorsichtsma\\u00dfnahmen treffen, um das Risiko von Altersflecken zu verringern. Dazu geh\\u00f6ren das Tragen sch\\u00fctzender Kleidung, das Vermeiden von \\u00fcberm\\u00e4\\u00dfiger Sonnenexposition w\\u00e4hrend der Spitzenzeiten und das Aufsuchen des Schattens, wenn die Sonne am intensivsten ist. Eine gesunde Lebensweise mit einer ausgewogenen Ern\\u00e4hrung, ausreichender Fl\\u00fcssigkeitszufuhr und Stressbew\\u00e4ltigung kann ebenfalls zur Hautgesundheit beitragen.<\\\/p>\"\n            }\n        }\n    ]\n}<\/script>\n\n\n\n<div class=\"wp-block-cover alignfull\" style=\"min-height:489px;aspect-ratio:unset;\"><span aria-hidden=\"true\" class=\"wp-block-cover__background has-background-dim-100 has-background-dim\" style=\"background-color:#3168f3\"><\/span><div class=\"wp-block-cover__inner-container is-layout-flow wp-block-cover-is-layout-flow\">\n<h2 class=\"wp-block-heading has-text-align-center has-white-color has-text-color\">Pigmentfoltok ellen <br>Avush-vel<\/h2>\n\n\n\n<p class=\"has-text-align-center has-white-color has-text-color\">N\u0151k \u00e9s f\u00e9rfiak sz\u00e1m\u00e1ra <br>Sz\u00e1ll\u00edt\u00e1si id\u0151: 3-4 nap<\/p>\n\n\n\n<div class=\"wp-block-buttons is-horizontal is-content-justification-center is-layout-flex wp-container-core-buttons-is-layout-03627597 wp-block-buttons-is-layout-flex\">\n<div class=\"wp-block-button\"><a class=\"wp-block-button__link has-white-background-color has-text-color has-background wp-element-button\" href=\"https:\/\/avush.com\/hu\/\" style=\"color:#3168f3\">V\u00e1s\u00e1rl\u00e1s &gt;<\/a><\/div>\n<\/div>\n<\/div><\/div>\n\n\n\n<figure class=\"wp-block-image alignfull size-full\"><a href=\"https:\/\/avush.com\/hu\/\"><img loading=\"lazy\" decoding=\"async\" width=\"1900\" height=\"840\" src=\"https:\/\/avush.com\/wp-content\/uploads\/2023\/06\/Pigmentflecken-Altersflecken.jpg\" alt=\"Pigment\u00e1lt \u00f6regs\u00e9gi foltok\" class=\"wp-image-425\" srcset=\"https:\/\/avush.com\/wp-content\/uploads\/2023\/06\/Pigmentflecken-Altersflecken.jpg 1900w, https:\/\/avush.com\/wp-content\/uploads\/2023\/06\/Pigmentflecken-Altersflecken-300x133.jpg 300w, https:\/\/avush.com\/wp-content\/uploads\/2023\/06\/Pigmentflecken-Altersflecken-1024x453.jpg 1024w, https:\/\/avush.com\/wp-content\/uploads\/2023\/06\/Pigmentflecken-Altersflecken-768x340.jpg 768w, https:\/\/avush.com\/wp-content\/uploads\/2023\/06\/Pigmentflecken-Altersflecken-1536x679.jpg 1536w, https:\/\/avush.com\/wp-content\/uploads\/2023\/06\/Pigmentflecken-Altersflecken-600x265.jpg 600w\" sizes=\"auto, (max-width: 1900px) 100vw, 1900px\" \/><\/a><\/figure>\n\n\n\n<h2 class=\"wp-block-heading\">Tov\u00e1bbi hozz\u00e1j\u00e1rul\u00e1sok<\/h2>\n\n\n\n<div class=\"wp-block-query is-layout-flow wp-block-query-is-layout-flow advgb-dyn-e7df619d\"><ul class=\"wp-block-post-template is-layout-flow wp-block-post-template-is-layout-flow\"><li class=\"wp-block-post post-293 post type-post status-publish format-standard has-post-thumbnail hentry category-altersflecken\">\n\n<div class=\"wp-block-columns are-vertically-aligned-center is-layout-flex wp-container-core-columns-is-layout-28f84493 wp-block-columns-is-layout-flex\">\n<div class=\"wp-block-column is-vertically-aligned-center is-layout-flow wp-block-column-is-layout-flow\" style=\"flex-basis:25%\"><figure class=\"wp-block-post-featured-image\"><a href=\"https:\/\/avush.com\/hu\/oeregsegi-folt-nap\/\" target=\"_self\"  ><img loading=\"lazy\" decoding=\"async\" width=\"1274\" height=\"846\" src=\"https:\/\/avush.com\/wp-content\/uploads\/2023\/06\/Altersflecken-Sonne.jpg\" class=\"attachment-post-thumbnail size-post-thumbnail wp-post-image\" alt=\"\u00d6regs\u00e9gi foltok \u00e9s napoz\u00e1s: Mi\u00e9rt olyan fontos a napv\u00e9delem?\" style=\"object-fit:cover;\" srcset=\"https:\/\/avush.com\/wp-content\/uploads\/2023\/06\/Altersflecken-Sonne.jpg 1274w, https:\/\/avush.com\/wp-content\/uploads\/2023\/06\/Altersflecken-Sonne-300x199.jpg 300w, https:\/\/avush.com\/wp-content\/uploads\/2023\/06\/Altersflecken-Sonne-1024x680.jpg 1024w, https:\/\/avush.com\/wp-content\/uploads\/2023\/06\/Altersflecken-Sonne-768x510.jpg 768w, https:\/\/avush.com\/wp-content\/uploads\/2023\/06\/Altersflecken-Sonne-600x398.jpg 600w\" sizes=\"auto, (max-width: 1274px) 100vw, 1274px\" \/><\/a><\/figure><\/div>\n\n\n\n<div class=\"wp-block-column is-vertically-aligned-center is-layout-flow wp-block-column-is-layout-flow\" style=\"flex-basis:75%\"><h3 class=\"wp-block-post-title\"><a href=\"https:\/\/avush.com\/hu\/oeregsegi-folt-nap\/\" target=\"_self\" >\u00d6regs\u00e9gi foltok \u00e9s napoz\u00e1s: Mi\u00e9rt olyan fontos a napv\u00e9delem?<\/a><\/h3><\/div>\n<\/div>\n\n<\/li><li class=\"wp-block-post post-280 post type-post status-publish format-standard has-post-thumbnail hentry category-altersflecken\">\n\n<div class=\"wp-block-columns are-vertically-aligned-center is-layout-flex wp-container-core-columns-is-layout-28f84493 wp-block-columns-is-layout-flex\">\n<div class=\"wp-block-column is-vertically-aligned-center is-layout-flow wp-block-column-is-layout-flow\" style=\"flex-basis:25%\"><figure class=\"wp-block-post-featured-image\"><a href=\"https:\/\/avush.com\/hu\/oeregsegi-foltok-ferfiak\/\" target=\"_self\"  ><img loading=\"lazy\" decoding=\"async\" width=\"1274\" height=\"846\" src=\"https:\/\/avush.com\/wp-content\/uploads\/2023\/06\/Altersflecken-Maenner.jpg\" class=\"attachment-post-thumbnail size-post-thumbnail wp-post-image\" alt=\"Korfoltok a f\u00e9rfiakn\u00e1l: K\u00f6z\u00f6s probl\u00e9m\u00e1k \u00e9s megold\u00e1sok\" style=\"object-fit:cover;\" srcset=\"https:\/\/avush.com\/wp-content\/uploads\/2023\/06\/Altersflecken-Maenner.jpg 1274w, https:\/\/avush.com\/wp-content\/uploads\/2023\/06\/Altersflecken-Maenner-300x199.jpg 300w, https:\/\/avush.com\/wp-content\/uploads\/2023\/06\/Altersflecken-Maenner-1024x680.jpg 1024w, https:\/\/avush.com\/wp-content\/uploads\/2023\/06\/Altersflecken-Maenner-768x510.jpg 768w, https:\/\/avush.com\/wp-content\/uploads\/2023\/06\/Altersflecken-Maenner-600x398.jpg 600w\" sizes=\"auto, (max-width: 1274px) 100vw, 1274px\" \/><\/a><\/figure><\/div>\n\n\n\n<div class=\"wp-block-column is-vertically-aligned-center is-layout-flow wp-block-column-is-layout-flow\" style=\"flex-basis:75%\"><h3 class=\"wp-block-post-title\"><a href=\"https:\/\/avush.com\/hu\/oeregsegi-foltok-ferfiak\/\" target=\"_self\" >Korfoltok a f\u00e9rfiakn\u00e1l: K\u00f6z\u00f6s probl\u00e9m\u00e1k \u00e9s megold\u00e1sok<\/a><\/h3><\/div>\n<\/div>\n\n<\/li><li class=\"wp-block-post post-265 post type-post status-publish format-standard has-post-thumbnail hentry category-altersflecken\">\n\n<div class=\"wp-block-columns are-vertically-aligned-center is-layout-flex wp-container-core-columns-is-layout-28f84493 wp-block-columns-is-layout-flex\">\n<div class=\"wp-block-column is-vertically-aligned-center is-layout-flow wp-block-column-is-layout-flow\" style=\"flex-basis:25%\"><figure class=\"wp-block-post-featured-image\"><a href=\"https:\/\/avush.com\/hu\/oeregsegi-foltok\/\" target=\"_self\"  ><img loading=\"lazy\" decoding=\"async\" width=\"1274\" height=\"846\" src=\"https:\/\/avush.com\/wp-content\/uploads\/2023\/06\/Altersflecken-01.jpg\" class=\"attachment-post-thumbnail size-post-thumbnail wp-post-image\" alt=\"\u00d6regs\u00e9gi foltok: Mi az \u00e9s hogyan alakulnak ki?\" style=\"object-fit:cover;\" srcset=\"https:\/\/avush.com\/wp-content\/uploads\/2023\/06\/Altersflecken-01.jpg 1274w, https:\/\/avush.com\/wp-content\/uploads\/2023\/06\/Altersflecken-01-300x199.jpg 300w, https:\/\/avush.com\/wp-content\/uploads\/2023\/06\/Altersflecken-01-1024x680.jpg 1024w, https:\/\/avush.com\/wp-content\/uploads\/2023\/06\/Altersflecken-01-768x510.jpg 768w, https:\/\/avush.com\/wp-content\/uploads\/2023\/06\/Altersflecken-01-600x398.jpg 600w\" sizes=\"auto, (max-width: 1274px) 100vw, 1274px\" \/><\/a><\/figure><\/div>\n\n\n\n<div class=\"wp-block-column is-vertically-aligned-center is-layout-flow wp-block-column-is-layout-flow\" style=\"flex-basis:75%\"><h3 class=\"wp-block-post-title\"><a href=\"https:\/\/avush.com\/hu\/oeregsegi-foltok\/\" target=\"_self\" >\u00d6regs\u00e9gi foltok: Mi az \u00e9s hogyan alakulnak ki?<\/a><\/h3><\/div>\n<\/div>\n\n<\/li><li class=\"wp-block-post post-252 post type-post status-publish format-standard has-post-thumbnail hentry category-pigmentflecken\">\n\n<div class=\"wp-block-columns are-vertically-aligned-center is-layout-flex wp-container-core-columns-is-layout-28f84493 wp-block-columns-is-layout-flex\">\n<div class=\"wp-block-column is-vertically-aligned-center is-layout-flow wp-block-column-is-layout-flow\" style=\"flex-basis:25%\"><figure class=\"wp-block-post-featured-image\"><a href=\"https:\/\/avush.com\/hu\/pigmentfolt-hazi-orvossag\/\" target=\"_self\"  ><img loading=\"lazy\" decoding=\"async\" width=\"1274\" height=\"846\" src=\"https:\/\/avush.com\/wp-content\/uploads\/2023\/06\/Hausmittel-Pigmentflecken.jpg\" class=\"attachment-post-thumbnail size-post-thumbnail wp-post-image\" alt=\"Term\u00e9szetes otthoni jogorvoslatok a pigmentfoltok hat\u00e9kony kezel\u00e9s\u00e9re\" style=\"object-fit:cover;\" srcset=\"https:\/\/avush.com\/wp-content\/uploads\/2023\/06\/Hausmittel-Pigmentflecken.jpg 1274w, https:\/\/avush.com\/wp-content\/uploads\/2023\/06\/Hausmittel-Pigmentflecken-300x199.jpg 300w, https:\/\/avush.com\/wp-content\/uploads\/2023\/06\/Hausmittel-Pigmentflecken-1024x680.jpg 1024w, https:\/\/avush.com\/wp-content\/uploads\/2023\/06\/Hausmittel-Pigmentflecken-768x510.jpg 768w, https:\/\/avush.com\/wp-content\/uploads\/2023\/06\/Hausmittel-Pigmentflecken-600x398.jpg 600w\" sizes=\"auto, (max-width: 1274px) 100vw, 1274px\" \/><\/a><\/figure><\/div>\n\n\n\n<div class=\"wp-block-column is-vertically-aligned-center is-layout-flow wp-block-column-is-layout-flow\" style=\"flex-basis:75%\"><h3 class=\"wp-block-post-title\"><a href=\"https:\/\/avush.com\/hu\/pigmentfolt-hazi-orvossag\/\" target=\"_self\" >Term\u00e9szetes otthoni jogorvoslatok a pigmentfoltok hat\u00e9kony kezel\u00e9s\u00e9re<\/a><\/h3><\/div>\n<\/div>\n\n<\/li><li class=\"wp-block-post post-239 post type-post status-publish format-standard has-post-thumbnail hentry category-pigmentflecken\">\n\n<div class=\"wp-block-columns are-vertically-aligned-center is-layout-flex wp-container-core-columns-is-layout-28f84493 wp-block-columns-is-layout-flex\">\n<div class=\"wp-block-column is-vertically-aligned-center is-layout-flow wp-block-column-is-layout-flow\" style=\"flex-basis:25%\"><figure class=\"wp-block-post-featured-image\"><a href=\"https:\/\/avush.com\/hu\/pigmentfolt-tipusok\/\" target=\"_self\"  ><img loading=\"lazy\" decoding=\"async\" width=\"1274\" height=\"846\" src=\"https:\/\/avush.com\/wp-content\/uploads\/2023\/06\/Pigmentflecken-Arten.jpg\" class=\"attachment-post-thumbnail size-post-thumbnail wp-post-image\" alt=\"A k\u00fcl\u00f6nb\u00f6z\u0151 t\u00edpus\u00fa pigmentfoltok \u00e9s azok okai\" style=\"object-fit:cover;\" srcset=\"https:\/\/avush.com\/wp-content\/uploads\/2023\/06\/Pigmentflecken-Arten.jpg 1274w, https:\/\/avush.com\/wp-content\/uploads\/2023\/06\/Pigmentflecken-Arten-300x199.jpg 300w, https:\/\/avush.com\/wp-content\/uploads\/2023\/06\/Pigmentflecken-Arten-1024x680.jpg 1024w, https:\/\/avush.com\/wp-content\/uploads\/2023\/06\/Pigmentflecken-Arten-768x510.jpg 768w, https:\/\/avush.com\/wp-content\/uploads\/2023\/06\/Pigmentflecken-Arten-600x398.jpg 600w\" sizes=\"auto, (max-width: 1274px) 100vw, 1274px\" \/><\/a><\/figure><\/div>\n\n\n\n<div class=\"wp-block-column is-vertically-aligned-center is-layout-flow wp-block-column-is-layout-flow\" style=\"flex-basis:75%\"><h3 class=\"wp-block-post-title\"><a href=\"https:\/\/avush.com\/hu\/pigmentfolt-tipusok\/\" target=\"_self\" >A k\u00fcl\u00f6nb\u00f6z\u0151 t\u00edpus\u00fa pigmentfoltok \u00e9s azok okai<\/a><\/h3><\/div>\n<\/div>\n\n<\/li><\/ul><\/div>","protected":false},"excerpt":{"rendered":"<p>Az \u00f6regs\u00e9gi foltok, m\u00e1s n\u00e9ven szenilis lentiginek, olyan s\u00f6t\u00e9t foltok a b\u0151r\u00f6n, amelyek gyakran a term\u00e9szetes \u00f6reged\u00e9si folyamathoz \u00e9s a napoz\u00e1shoz kapcsol\u00f3dnak. A test k\u00fcl\u00f6nb\u00f6z\u0151 ter\u00fcletein jelenhetnek meg, [...]<\/p>","protected":false},"author":3,"featured_media":297,"comment_status":"closed","ping_status":"closed","sticky":false,"template":"","format":"standard","meta":{"_uag_custom_page_level_css":"","advgb_blocks_editor_width":"","advgb_blocks_columns_visual_guide":"","site-sidebar-layout":"default","site-content-layout":"","ast-site-content-layout":"default","site-content-style":"default","site-sidebar-style":"default","ast-global-header-display":"","ast-banner-title-visibility":"","ast-main-header-display":"","ast-hfb-above-header-display":"","ast-hfb-below-header-display":"","ast-hfb-mobile-header-display":"","site-post-title":"","ast-breadcrumbs-content":"","ast-featured-img":"","footer-sml-layout":"","ast-disable-related-posts":"","theme-transparent-header-meta":"","adv-header-id-meta":"","stick-header-meta":"","header-above-stick-meta":"","header-main-stick-meta":"","header-below-stick-meta":"","astra-migrate-meta-layouts":"default","ast-page-background-enabled":"default","ast-page-background-meta":{"desktop":{"background-color":"","background-image":"","background-repeat":"repeat","background-position":"center center","background-size":"auto","background-attachment":"scroll","background-type":"","background-media":"","overlay-type":"","overlay-color":"","overlay-opacity":"","overlay-gradient":""},"tablet":{"background-color":"","background-image":"","background-repeat":"repeat","background-position":"center center","background-size":"auto","background-attachment":"scroll","background-type":"","background-media":"","overlay-type":"","overlay-color":"","overlay-opacity":"","overlay-gradient":""},"mobile":{"background-color":"","background-image":"","background-repeat":"repeat","background-position":"center center","background-size":"auto","background-attachment":"scroll","background-type":"","background-media":"","overlay-type":"","overlay-color":"","overlay-opacity":"","overlay-gradient":""}},"ast-content-background-meta":{"desktop":{"background-color":"var(--ast-global-color-5)","background-image":"","background-repeat":"repeat","background-position":"center center","background-size":"auto","background-attachment":"scroll","background-type":"","background-media":"","overlay-type":"","overlay-color":"","overlay-opacity":"","overlay-gradient":""},"tablet":{"background-color":"var(--ast-global-color-5)","background-image":"","background-repeat":"repeat","background-position":"center center","background-size":"auto","background-attachment":"scroll","background-type":"","background-media":"","overlay-type":"","overlay-color":"","overlay-opacity":"","overlay-gradient":""},"mobile":{"background-color":"var(--ast-global-color-5)","background-image":"","background-repeat":"repeat","background-position":"center center","background-size":"auto","background-attachment":"scroll","background-type":"","background-media":"","overlay-type":"","overlay-color":"","overlay-opacity":"","overlay-gradient":""}},"footnotes":""},"categories":[34],"tags":[],"class_list":["post-293","post","type-post","status-publish","format-standard","has-post-thumbnail","hentry","category-altersflecken"],"yoast_head":"<!-- This site is optimized with the Yoast SEO Premium plugin v26.6 (Yoast SEO v26.6) - https:\/\/yoast.com\/wordpress\/plugins\/seo\/ -->\n<title>Altersflecken und Sonne: Warum Sonnenschutz so wichtig ist!<\/title>\n<meta name=\"description\" content=\"Kann die Sonne dazu beitragen, dass man Altersflecken kriegt? Wir haben alle wichtigen Fakten in Bezug auf Altersflecken und Sonne.\" \/>\n<meta name=\"robots\" content=\"index, follow, max-snippet:-1, max-image-preview:large, max-video-preview:-1\" \/>\n<link rel=\"canonical\" href=\"https:\/\/avush.com\/hu\/\u0432\u044a\u0437\u0440\u0430\u0441\u0442\u043e\u0432\u043e-\u043f\u0435\u0442\u043d\u043e-\u0441\u043b\u044a\u043d\u0446\u0435\/\" \/>\n<meta property=\"og:locale\" content=\"hu_HU\" \/>\n<meta property=\"og:type\" content=\"article\" \/>\n<meta property=\"og:title\" content=\"Altersflecken und Sonneneinstrahlung: Warum Sonnenschutz so wichtig ist\" \/>\n<meta property=\"og:description\" content=\"Kann die Sonne dazu beitragen, dass man Altersflecken kriegt? Wir haben alle wichtigen Fakten in Bezug auf Altersflecken und Sonne.\" \/>\n<meta property=\"og:url\" content=\"https:\/\/avush.com\/hu\/\u0432\u044a\u0437\u0440\u0430\u0441\u0442\u043e\u0432\u043e-\u043f\u0435\u0442\u043d\u043e-\u0441\u043b\u044a\u043d\u0446\u0435\/\" \/>\n<meta property=\"og:site_name\" content=\"Avush\" \/>\n<meta property=\"article:published_time\" content=\"2023-06-24T09:39:51+00:00\" \/>\n<meta property=\"article:modified_time\" content=\"2023-07-06T12:43:34+00:00\" \/>\n<meta property=\"og:image\" content=\"https:\/\/avush.com\/wp-content\/uploads\/2023\/06\/Altersflecken-Sonne.jpg\" \/>\n\t<meta property=\"og:image:width\" content=\"1274\" \/>\n\t<meta property=\"og:image:height\" content=\"846\" \/>\n\t<meta property=\"og:image:type\" content=\"image\/jpeg\" \/>\n<meta name=\"author\" content=\"Jerey Moren\" \/>\n<meta name=\"twitter:card\" content=\"summary_large_image\" \/>\n<meta name=\"twitter:label1\" content=\"Szerz\u0151:\" \/>\n\t<meta name=\"twitter:data1\" content=\"Jerey Moren\" \/>\n\t<meta name=\"twitter:label2\" content=\"Becs\u00fclt olvas\u00e1si id\u0151\" \/>\n\t<meta name=\"twitter:data2\" content=\"5 perc\" \/>\n<script type=\"application\/ld+json\" class=\"yoast-schema-graph\">{\"@context\":\"https:\/\/schema.org\",\"@graph\":[{\"@type\":\"Article\",\"@id\":\"https:\/\/avush.com\/bg\/\u0432\u044a\u0437\u0440\u0430\u0441\u0442\u043e\u0432\u043e-\u043f\u0435\u0442\u043d\u043e-\u0441\u043b\u044a\u043d\u0446\u0435\/#article\",\"isPartOf\":{\"@id\":\"https:\/\/avush.com\/bg\/\u0432\u044a\u0437\u0440\u0430\u0441\u0442\u043e\u0432\u043e-\u043f\u0435\u0442\u043d\u043e-\u0441\u043b\u044a\u043d\u0446\u0435\/\"},\"author\":{\"name\":\"Jerey Moren\",\"@id\":\"https:\/\/avush.com\/de\/#\/schema\/person\/c75e8faec91efe95eebec0e6de7db6e1\"},\"headline\":\"Altersflecken und Sonneneinstrahlung: Warum Sonnenschutz so wichtig ist\",\"datePublished\":\"2023-06-24T09:39:51+00:00\",\"dateModified\":\"2023-07-06T12:43:34+00:00\",\"mainEntityOfPage\":{\"@id\":\"https:\/\/avush.com\/bg\/\u0432\u044a\u0437\u0440\u0430\u0441\u0442\u043e\u0432\u043e-\u043f\u0435\u0442\u043d\u043e-\u0441\u043b\u044a\u043d\u0446\u0435\/\"},\"wordCount\":746,\"publisher\":{\"@id\":\"https:\/\/avush.com\/de\/#organization\"},\"image\":{\"@id\":\"https:\/\/avush.com\/bg\/\u0432\u044a\u0437\u0440\u0430\u0441\u0442\u043e\u0432\u043e-\u043f\u0435\u0442\u043d\u043e-\u0441\u043b\u044a\u043d\u0446\u0435\/#primaryimage\"},\"thumbnailUrl\":\"https:\/\/avush.com\/wp-content\/uploads\/2023\/06\/Altersflecken-Sonne.jpg\",\"articleSection\":[\"Altersflecken\"],\"inLanguage\":\"hu\"},{\"@type\":\"WebPage\",\"@id\":\"https:\/\/avush.com\/bg\/\u0432\u044a\u0437\u0440\u0430\u0441\u0442\u043e\u0432\u043e-\u043f\u0435\u0442\u043d\u043e-\u0441\u043b\u044a\u043d\u0446\u0435\/\",\"url\":\"https:\/\/avush.com\/bg\/\u0432\u044a\u0437\u0440\u0430\u0441\u0442\u043e\u0432\u043e-\u043f\u0435\u0442\u043d\u043e-\u0441\u043b\u044a\u043d\u0446\u0435\/\",\"name\":\"Altersflecken und Sonne: Warum Sonnenschutz so wichtig ist!\",\"isPartOf\":{\"@id\":\"https:\/\/avush.com\/de\/#website\"},\"primaryImageOfPage\":{\"@id\":\"https:\/\/avush.com\/bg\/\u0432\u044a\u0437\u0440\u0430\u0441\u0442\u043e\u0432\u043e-\u043f\u0435\u0442\u043d\u043e-\u0441\u043b\u044a\u043d\u0446\u0435\/#primaryimage\"},\"image\":{\"@id\":\"https:\/\/avush.com\/bg\/\u0432\u044a\u0437\u0440\u0430\u0441\u0442\u043e\u0432\u043e-\u043f\u0435\u0442\u043d\u043e-\u0441\u043b\u044a\u043d\u0446\u0435\/#primaryimage\"},\"thumbnailUrl\":\"https:\/\/avush.com\/wp-content\/uploads\/2023\/06\/Altersflecken-Sonne.jpg\",\"datePublished\":\"2023-06-24T09:39:51+00:00\",\"dateModified\":\"2023-07-06T12:43:34+00:00\",\"description\":\"Kann die Sonne dazu beitragen, dass man Altersflecken kriegt? Wir haben alle wichtigen Fakten in Bezug auf Altersflecken und Sonne.\",\"breadcrumb\":{\"@id\":\"https:\/\/avush.com\/bg\/\u0432\u044a\u0437\u0440\u0430\u0441\u0442\u043e\u0432\u043e-\u043f\u0435\u0442\u043d\u043e-\u0441\u043b\u044a\u043d\u0446\u0435\/#breadcrumb\"},\"inLanguage\":\"hu\",\"potentialAction\":[{\"@type\":\"ReadAction\",\"target\":[\"https:\/\/avush.com\/bg\/\u0432\u044a\u0437\u0440\u0430\u0441\u0442\u043e\u0432\u043e-\u043f\u0435\u0442\u043d\u043e-\u0441\u043b\u044a\u043d\u0446\u0435\/\"]}]},{\"@type\":\"ImageObject\",\"inLanguage\":\"hu\",\"@id\":\"https:\/\/avush.com\/bg\/\u0432\u044a\u0437\u0440\u0430\u0441\u0442\u043e\u0432\u043e-\u043f\u0435\u0442\u043d\u043e-\u0441\u043b\u044a\u043d\u0446\u0435\/#primaryimage\",\"url\":\"https:\/\/avush.com\/wp-content\/uploads\/2023\/06\/Altersflecken-Sonne.jpg\",\"contentUrl\":\"https:\/\/avush.com\/wp-content\/uploads\/2023\/06\/Altersflecken-Sonne.jpg\",\"width\":1274,\"height\":846,\"caption\":\"Altersflecken-Sonne\"},{\"@type\":\"BreadcrumbList\",\"@id\":\"https:\/\/avush.com\/bg\/\u0432\u044a\u0437\u0440\u0430\u0441\u0442\u043e\u0432\u043e-\u043f\u0435\u0442\u043d\u043e-\u0441\u043b\u044a\u043d\u0446\u0435\/#breadcrumb\",\"itemListElement\":[{\"@type\":\"ListItem\",\"position\":1,\"name\":\"Home\",\"item\":\"https:\/\/avush.com\/\"},{\"@type\":\"ListItem\",\"position\":2,\"name\":\"Altersflecken und Sonneneinstrahlung: Warum Sonnenschutz so wichtig ist\"}]},{\"@type\":\"WebSite\",\"@id\":\"https:\/\/avush.com\/de\/#website\",\"url\":\"https:\/\/avush.com\/de\/\",\"name\":\"Avush\",\"description\":\"Pigmentflecken &amp; Altersflecken Serum\",\"publisher\":{\"@id\":\"https:\/\/avush.com\/de\/#organization\"},\"potentialAction\":[{\"@type\":\"SearchAction\",\"target\":{\"@type\":\"EntryPoint\",\"urlTemplate\":\"https:\/\/avush.com\/de\/?s={search_term_string}\"},\"query-input\":{\"@type\":\"PropertyValueSpecification\",\"valueRequired\":true,\"valueName\":\"search_term_string\"}}],\"inLanguage\":\"hu\"},{\"@type\":\"Organization\",\"@id\":\"https:\/\/avush.com\/de\/#organization\",\"name\":\"Avush\",\"url\":\"https:\/\/avush.com\/de\/\",\"logo\":{\"@type\":\"ImageObject\",\"inLanguage\":\"hu\",\"@id\":\"https:\/\/avush.com\/de\/#\/schema\/logo\/image\/\",\"url\":\"https:\/\/avush.com\/wp-content\/uploads\/2023\/07\/cropped-Avush-Logo-1.png\",\"contentUrl\":\"https:\/\/avush.com\/wp-content\/uploads\/2023\/07\/cropped-Avush-Logo-1.png\",\"width\":200,\"height\":74,\"caption\":\"Avush\"},\"image\":{\"@id\":\"https:\/\/avush.com\/de\/#\/schema\/logo\/image\/\"}},{\"@type\":\"Person\",\"@id\":\"https:\/\/avush.com\/de\/#\/schema\/person\/c75e8faec91efe95eebec0e6de7db6e1\",\"name\":\"Jerey Moren\",\"image\":{\"@type\":\"ImageObject\",\"inLanguage\":\"hu\",\"@id\":\"https:\/\/avush.com\/de\/#\/schema\/person\/image\/\",\"url\":\"https:\/\/secure.gravatar.com\/avatar\/de5d8989edc5c2ff065ce763956895bf1e8d11650bf369c625ab5776af1a190b?s=96&d=mm&r=g\",\"contentUrl\":\"https:\/\/secure.gravatar.com\/avatar\/de5d8989edc5c2ff065ce763956895bf1e8d11650bf369c625ab5776af1a190b?s=96&d=mm&r=g\",\"caption\":\"Jerey Moren\"},\"url\":\"https:\/\/avush.com\/hu\/author\/jerey\/\"}]}<\/script>\n<!-- \/ Yoast SEO Premium plugin. -->","yoast_head_json":{"title":"Az \u00f6regs\u00e9gi foltok \u00e9s a nap: Mi\u00e9rt olyan fontos a napv\u00e9delem!","description":"Hozz\u00e1j\u00e1rulhat a nap az \u00f6regs\u00e9gi foltok kialakul\u00e1s\u00e1hoz? Minden fontos t\u00e9nyt tudunk az \u00f6regs\u00e9gi foltokr\u00f3l \u00e9s a napr\u00f3l.","robots":{"index":"index","follow":"follow","max-snippet":"max-snippet:-1","max-image-preview":"max-image-preview:large","max-video-preview":"max-video-preview:-1"},"canonical":"https:\/\/avush.com\/hu\/\u0432\u044a\u0437\u0440\u0430\u0441\u0442\u043e\u0432\u043e-\u043f\u0435\u0442\u043d\u043e-\u0441\u043b\u044a\u043d\u0446\u0435\/","og_locale":"hu_HU","og_type":"article","og_title":"Altersflecken und Sonneneinstrahlung: Warum Sonnenschutz so wichtig ist","og_description":"Kann die Sonne dazu beitragen, dass man Altersflecken kriegt? Wir haben alle wichtigen Fakten in Bezug auf Altersflecken und Sonne.","og_url":"https:\/\/avush.com\/hu\/\u0432\u044a\u0437\u0440\u0430\u0441\u0442\u043e\u0432\u043e-\u043f\u0435\u0442\u043d\u043e-\u0441\u043b\u044a\u043d\u0446\u0435\/","og_site_name":"Avush","article_published_time":"2023-06-24T09:39:51+00:00","article_modified_time":"2023-07-06T12:43:34+00:00","og_image":[{"width":1274,"height":846,"url":"https:\/\/avush.com\/wp-content\/uploads\/2023\/06\/Altersflecken-Sonne.jpg","type":"image\/jpeg"}],"author":"Jerey Moren","twitter_card":"summary_large_image","twitter_misc":{"Szerz\u0151:":"Jerey Moren","Becs\u00fclt olvas\u00e1si id\u0151":"5 perc"},"schema":{"@context":"https:\/\/schema.org","@graph":[{"@type":"Article","@id":"https:\/\/avush.com\/bg\/\u0432\u044a\u0437\u0440\u0430\u0441\u0442\u043e\u0432\u043e-\u043f\u0435\u0442\u043d\u043e-\u0441\u043b\u044a\u043d\u0446\u0435\/#article","isPartOf":{"@id":"https:\/\/avush.com\/bg\/\u0432\u044a\u0437\u0440\u0430\u0441\u0442\u043e\u0432\u043e-\u043f\u0435\u0442\u043d\u043e-\u0441\u043b\u044a\u043d\u0446\u0435\/"},"author":{"name":"Jerey Moren","@id":"https:\/\/avush.com\/de\/#\/schema\/person\/c75e8faec91efe95eebec0e6de7db6e1"},"headline":"Altersflecken und Sonneneinstrahlung: Warum Sonnenschutz so wichtig ist","datePublished":"2023-06-24T09:39:51+00:00","dateModified":"2023-07-06T12:43:34+00:00","mainEntityOfPage":{"@id":"https:\/\/avush.com\/bg\/\u0432\u044a\u0437\u0440\u0430\u0441\u0442\u043e\u0432\u043e-\u043f\u0435\u0442\u043d\u043e-\u0441\u043b\u044a\u043d\u0446\u0435\/"},"wordCount":746,"publisher":{"@id":"https:\/\/avush.com\/de\/#organization"},"image":{"@id":"https:\/\/avush.com\/bg\/\u0432\u044a\u0437\u0440\u0430\u0441\u0442\u043e\u0432\u043e-\u043f\u0435\u0442\u043d\u043e-\u0441\u043b\u044a\u043d\u0446\u0435\/#primaryimage"},"thumbnailUrl":"https:\/\/avush.com\/wp-content\/uploads\/2023\/06\/Altersflecken-Sonne.jpg","articleSection":["Altersflecken"],"inLanguage":"hu"},{"@type":"WebPage","@id":"https:\/\/avush.com\/bg\/\u0432\u044a\u0437\u0440\u0430\u0441\u0442\u043e\u0432\u043e-\u043f\u0435\u0442\u043d\u043e-\u0441\u043b\u044a\u043d\u0446\u0435\/","url":"https:\/\/avush.com\/bg\/\u0432\u044a\u0437\u0440\u0430\u0441\u0442\u043e\u0432\u043e-\u043f\u0435\u0442\u043d\u043e-\u0441\u043b\u044a\u043d\u0446\u0435\/","name":"Az \u00f6regs\u00e9gi foltok \u00e9s a nap: Mi\u00e9rt olyan fontos a napv\u00e9delem!","isPartOf":{"@id":"https:\/\/avush.com\/de\/#website"},"primaryImageOfPage":{"@id":"https:\/\/avush.com\/bg\/\u0432\u044a\u0437\u0440\u0430\u0441\u0442\u043e\u0432\u043e-\u043f\u0435\u0442\u043d\u043e-\u0441\u043b\u044a\u043d\u0446\u0435\/#primaryimage"},"image":{"@id":"https:\/\/avush.com\/bg\/\u0432\u044a\u0437\u0440\u0430\u0441\u0442\u043e\u0432\u043e-\u043f\u0435\u0442\u043d\u043e-\u0441\u043b\u044a\u043d\u0446\u0435\/#primaryimage"},"thumbnailUrl":"https:\/\/avush.com\/wp-content\/uploads\/2023\/06\/Altersflecken-Sonne.jpg","datePublished":"2023-06-24T09:39:51+00:00","dateModified":"2023-07-06T12:43:34+00:00","description":"Hozz\u00e1j\u00e1rulhat a nap az \u00f6regs\u00e9gi foltok kialakul\u00e1s\u00e1hoz? Minden fontos t\u00e9nyt tudunk az \u00f6regs\u00e9gi foltokr\u00f3l \u00e9s a napr\u00f3l.","breadcrumb":{"@id":"https:\/\/avush.com\/bg\/\u0432\u044a\u0437\u0440\u0430\u0441\u0442\u043e\u0432\u043e-\u043f\u0435\u0442\u043d\u043e-\u0441\u043b\u044a\u043d\u0446\u0435\/#breadcrumb"},"inLanguage":"hu","potentialAction":[{"@type":"ReadAction","target":["https:\/\/avush.com\/bg\/\u0432\u044a\u0437\u0440\u0430\u0441\u0442\u043e\u0432\u043e-\u043f\u0435\u0442\u043d\u043e-\u0441\u043b\u044a\u043d\u0446\u0435\/"]}]},{"@type":"ImageObject","inLanguage":"hu","@id":"https:\/\/avush.com\/bg\/\u0432\u044a\u0437\u0440\u0430\u0441\u0442\u043e\u0432\u043e-\u043f\u0435\u0442\u043d\u043e-\u0441\u043b\u044a\u043d\u0446\u0435\/#primaryimage","url":"https:\/\/avush.com\/wp-content\/uploads\/2023\/06\/Altersflecken-Sonne.jpg","contentUrl":"https:\/\/avush.com\/wp-content\/uploads\/2023\/06\/Altersflecken-Sonne.jpg","width":1274,"height":846,"caption":"Altersflecken-Sonne"},{"@type":"BreadcrumbList","@id":"https:\/\/avush.com\/bg\/\u0432\u044a\u0437\u0440\u0430\u0441\u0442\u043e\u0432\u043e-\u043f\u0435\u0442\u043d\u043e-\u0441\u043b\u044a\u043d\u0446\u0435\/#breadcrumb","itemListElement":[{"@type":"ListItem","position":1,"name":"Home","item":"https:\/\/avush.com\/"},{"@type":"ListItem","position":2,"name":"Altersflecken und Sonneneinstrahlung: Warum Sonnenschutz so wichtig ist"}]},{"@type":"WebSite","@id":"https:\/\/avush.com\/de\/#website","url":"https:\/\/avush.com\/de\/","name":"Avush","description":"Pigmentfoltok \u00e9s \u00f6regs\u00e9gi foltok sz\u00e9rum","publisher":{"@id":"https:\/\/avush.com\/de\/#organization"},"potentialAction":[{"@type":"SearchAction","target":{"@type":"EntryPoint","urlTemplate":"https:\/\/avush.com\/de\/?s={search_term_string}"},"query-input":{"@type":"PropertyValueSpecification","valueRequired":true,"valueName":"search_term_string"}}],"inLanguage":"hu"},{"@type":"Organization","@id":"https:\/\/avush.com\/de\/#organization","name":"Avush","url":"https:\/\/avush.com\/de\/","logo":{"@type":"ImageObject","inLanguage":"hu","@id":"https:\/\/avush.com\/de\/#\/schema\/logo\/image\/","url":"https:\/\/avush.com\/wp-content\/uploads\/2023\/07\/cropped-Avush-Logo-1.png","contentUrl":"https:\/\/avush.com\/wp-content\/uploads\/2023\/07\/cropped-Avush-Logo-1.png","width":200,"height":74,"caption":"Avush"},"image":{"@id":"https:\/\/avush.com\/de\/#\/schema\/logo\/image\/"}},{"@type":"Person","@id":"https:\/\/avush.com\/de\/#\/schema\/person\/c75e8faec91efe95eebec0e6de7db6e1","name":"Jerey Moren","image":{"@type":"ImageObject","inLanguage":"hu","@id":"https:\/\/avush.com\/de\/#\/schema\/person\/image\/","url":"https:\/\/secure.gravatar.com\/avatar\/de5d8989edc5c2ff065ce763956895bf1e8d11650bf369c625ab5776af1a190b?s=96&d=mm&r=g","contentUrl":"https:\/\/secure.gravatar.com\/avatar\/de5d8989edc5c2ff065ce763956895bf1e8d11650bf369c625ab5776af1a190b?s=96&d=mm&r=g","caption":"Jerey Moren"},"url":"https:\/\/avush.com\/hu\/author\/jerey\/"}]}},"author_meta":{"display_name":"Jerey Moren","author_link":"https:\/\/avush.com\/hu\/author\/jerey\/"},"featured_img":"https:\/\/avush.com\/wp-content\/uploads\/2023\/06\/Altersflecken-Sonne-300x199.jpg","uagb_featured_image_src":{"full":["https:\/\/avush.com\/wp-content\/uploads\/2023\/06\/Altersflecken-Sonne.jpg",1274,846,false],"thumbnail":["https:\/\/avush.com\/wp-content\/uploads\/2023\/06\/Altersflecken-Sonne-150x150.jpg",150,150,true],"medium":["https:\/\/avush.com\/wp-content\/uploads\/2023\/06\/Altersflecken-Sonne-300x199.jpg",300,199,true],"medium_large":["https:\/\/avush.com\/wp-content\/uploads\/2023\/06\/Altersflecken-Sonne-768x510.jpg",768,510,true],"large":["https:\/\/avush.com\/wp-content\/uploads\/2023\/06\/Altersflecken-Sonne-1024x680.jpg",1024,680,true],"1536x1536":["https:\/\/avush.com\/wp-content\/uploads\/2023\/06\/Altersflecken-Sonne.jpg",1274,846,false],"2048x2048":["https:\/\/avush.com\/wp-content\/uploads\/2023\/06\/Altersflecken-Sonne.jpg",1274,846,false],"trp-custom-language-flag":["https:\/\/avush.com\/wp-content\/uploads\/2023\/06\/Altersflecken-Sonne.jpg",18,12,false],"woocommerce_thumbnail":["https:\/\/avush.com\/wp-content\/uploads\/2023\/06\/Altersflecken-Sonne-300x300.jpg",300,300,true],"woocommerce_single":["https:\/\/avush.com\/wp-content\/uploads\/2023\/06\/Altersflecken-Sonne-600x398.jpg",600,398,true],"woocommerce_gallery_thumbnail":["https:\/\/avush.com\/wp-content\/uploads\/2023\/06\/Altersflecken-Sonne-100x100.jpg",100,100,true]},"uagb_author_info":{"display_name":"Jerey Moren","author_link":"https:\/\/avush.com\/hu\/author\/jerey\/"},"uagb_comment_info":0,"uagb_excerpt":"Altersflecken, auch als senile Lentigines bekannt, sind dunkle Flecken auf der Haut, die oft im Zusammenhang mit dem nat\u00fcrlichen Alterungsprozess und der Sonnenexposition stehen. Sie k\u00f6nnen auf verschiedenen K\u00f6rperbereichen auftreten, [&hellip;]","coauthors":[],"tax_additional":{"categories":{"linked":["<a href=\"https:\/\/avush.com\/hu\/category\/oeregsegi-foltok\/\" class=\"advgb-post-tax-term\">Altersflecken<\/a>"],"unlinked":["<span class=\"advgb-post-tax-term\">Altersflecken<\/span>"]}},"comment_count":"0","relative_dates":{"created":"Posted 3 \u00e9v ago","modified":"Updated 3 \u00e9v ago"},"absolute_dates":{"created":"Posted on j\u00fanius 24, 2023","modified":"Updated on j\u00falius 6, 2023"},"absolute_dates_time":{"created":"Posted on j\u00fanius 24, 2023 9:39 de.","modified":"Updated on j\u00falius 6, 2023 12:43 du."},"featured_img_caption":"Altersflecken-Sonne","series_order":"","_links":{"self":[{"href":"https:\/\/avush.com\/hu\/wp-json\/wp\/v2\/posts\/293","targetHints":{"allow":["GET"]}}],"collection":[{"href":"https:\/\/avush.com\/hu\/wp-json\/wp\/v2\/posts"}],"about":[{"href":"https:\/\/avush.com\/hu\/wp-json\/wp\/v2\/types\/post"}],"author":[{"embeddable":true,"href":"https:\/\/avush.com\/hu\/wp-json\/wp\/v2\/users\/3"}],"replies":[{"embeddable":true,"href":"https:\/\/avush.com\/hu\/wp-json\/wp\/v2\/comments?post=293"}],"version-history":[{"count":9,"href":"https:\/\/avush.com\/hu\/wp-json\/wp\/v2\/posts\/293\/revisions"}],"predecessor-version":[{"id":440,"href":"https:\/\/avush.com\/hu\/wp-json\/wp\/v2\/posts\/293\/revisions\/440"}],"wp:featuredmedia":[{"embeddable":true,"href":"https:\/\/avush.com\/hu\/wp-json\/wp\/v2\/media\/297"}],"wp:attachment":[{"href":"https:\/\/avush.com\/hu\/wp-json\/wp\/v2\/media?parent=293"}],"wp:term":[{"taxonomy":"category","embeddable":true,"href":"https:\/\/avush.com\/hu\/wp-json\/wp\/v2\/categories?post=293"},{"taxonomy":"post_tag","embeddable":true,"href":"https:\/\/avush.com\/hu\/wp-json\/wp\/v2\/tags?post=293"}],"curies":[{"name":"wp","href":"https:\/\/api.w.org\/{rel}","templated":true}]}}