{"id":265,"date":"2023-06-24T09:07:07","date_gmt":"2023-06-24T09:07:07","guid":{"rendered":"https:\/\/avush.com\/?p=265"},"modified":"2023-07-06T12:44:30","modified_gmt":"2023-07-06T12:44:30","slug":"altersflecken","status":"publish","type":"post","link":"https:\/\/avush.com\/hu\/oeregsegi-foltok\/","title":{"rendered":"\u00d6regs\u00e9gi foltok: Mi az \u00e9s hogyan alakulnak ki?"},"content":{"rendered":"<p>Az \u00f6regs\u00e9gi foltok, m\u00e1s n\u00e9ven szenilis lentiginek, gyakori b\u0151rprobl\u00e9ma, amely az \u00e9letkor el\u0151rehaladt\u00e1val jelentkezik. Ezek a barna foltok a test k\u00fcl\u00f6nb\u00f6z\u0151 ter\u00fcletein, p\u00e9ld\u00e1ul az arcon, a k\u00e9zen, a karokon \u00e9s a v\u00e1llakon jelenhetnek meg, \u00e9s gyakran zavar\u00f3nak bizonyulnak. Ebben a blogbejegyz\u00e9sben k\u00f6zelebbr\u0151l megvizsg\u00e1ljuk az \u00f6regs\u00e9gi foltokat, meg\u00e9rtj\u00fck az okaikat, \u00e9s megtudjuk, hogyan lehet kezelni \u00e9s megel\u0151zni \u0151ket.<\/p>\n\n\n\n<h2 class=\"wp-block-heading\" id=\"h-was-sind-altersflecken\">Mik azok az \u00f6regs\u00e9gi foltok?<\/h2>\n\n\n\n<p>Az \u00f6regs\u00e9gi foltok lapos, vil\u00e1gosbarn\u00e1t\u00f3l a s\u00f6t\u00e9tbarn\u00e1ig terjed\u0151 foltok a b\u0151r\u00f6n, amelyeket a melanin felhalmoz\u00f3d\u00e1sa okoz. \u00c1rtalmatlanok, \u00e9s nem s\u00falyos eg\u00e9szs\u00e9g\u00fcgyi probl\u00e9m\u00e1k jelei. Az \u00f6regs\u00e9gi foltok abban k\u00fcl\u00f6nb\u00f6znek az anyajegyekt\u0151l, hogy laposabbak \u00e9s id\u0151vel alakulnak ki, m\u00edg az anyajegyek gyakran sz\u00fclet\u00e9s\u00fckt\u0151l fogva jelen vannak.<\/p>\n\n\n\n<h2 class=\"wp-block-heading\" id=\"h-wie-entstehen-altersflecken\">Hogyan alakulnak ki az \u00f6regs\u00e9gi foltok?<\/h2>\n\n\n\n<p>Az \u00f6regs\u00e9gi foltok pontos oka m\u00e9g nem teljesen tiszt\u00e1zott, de \u00fagy v\u00e9lik, hogy k\u00fcl\u00f6nb\u00f6z\u0151 t\u00e9nyez\u0151k j\u00e1rulnak hozz\u00e1 a kialakul\u00e1sukhoz:<\/p>\n\n\n\n<ol class=\"wp-block-list\">\n<li><strong>UV-sug\u00e1rz\u00e1s:<\/strong> A hossz\u00fa t\u00e1v\u00fa napoz\u00e1s az egyik f\u0151 t\u00e9nyez\u0151 az \u00f6regs\u00e9gi foltok kialakul\u00e1s\u00e1ban. Az UV-sugarak a b\u0151rben l\u00e9v\u0151 melanocit\u00e1kat t\u00f6bb melanin termel\u00e9s\u00e9re serkenthetik, ami az egyenetlen pigment felhalmoz\u00f3d\u00e1s\u00e1t \u00e9s eloszl\u00e1s\u00e1t eredm\u00e9nyezi.<\/li>\n\n\n\n<li><strong>\u00d6reged\u00e9si folyamat:<\/strong> Az \u00e9letkor el\u0151rehaladt\u00e1val a b\u0151rben cs\u00f6kken a melanocit\u00e1k termel\u0151d\u00e9se, mik\u00f6zben bizonyos ter\u00fcleteken n\u0151 a pigmentsejtek sz\u00e1ma. Ez a melanin egyenetlen eloszl\u00e1s\u00e1hoz vezethet, \u00e9s el\u0151seg\u00edtheti az \u00f6regs\u00e9gi foltok megjelen\u00e9s\u00e9t.<\/li>\n\n\n\n<li><strong>Genetika:<\/strong> Az \u00f6regs\u00e9gi foltok kialakul\u00e1s\u00e1ra val\u00f3 hajlam \u00f6r\u00f6kl\u0151dhet. Ha a sz\u00fclei vagy nagysz\u00fclei \u00f6regs\u00e9gi foltokkal k\u00fczdenek, nagyobb az es\u00e9lye, hogy \u00d6nt is \u00e9rinti a probl\u00e9ma.<\/li>\n<\/ol>\n\n\n\n<figure class=\"wp-block-image size-large\"><img loading=\"lazy\" decoding=\"async\" width=\"1024\" height=\"680\" src=\"https:\/\/avush.com\/wp-content\/uploads\/2023\/06\/Altersflecken-02-1024x680.jpg\" alt=\"\u00c9letkori foltok\" class=\"wp-image-275\" srcset=\"https:\/\/avush.com\/wp-content\/uploads\/2023\/06\/Altersflecken-02-1024x680.jpg 1024w, https:\/\/avush.com\/wp-content\/uploads\/2023\/06\/Altersflecken-02-300x199.jpg 300w, https:\/\/avush.com\/wp-content\/uploads\/2023\/06\/Altersflecken-02-768x510.jpg 768w, https:\/\/avush.com\/wp-content\/uploads\/2023\/06\/Altersflecken-02-600x398.jpg 600w, https:\/\/avush.com\/wp-content\/uploads\/2023\/06\/Altersflecken-02.jpg 1274w\" sizes=\"auto, (max-width: 1024px) 100vw, 1024px\" \/><\/figure>\n\n\n\n<h2 class=\"wp-block-heading\">Az \u00f6regs\u00e9gi foltok kezel\u00e9se \u00e9s megel\u0151z\u00e9se:<\/h2>\n\n\n\n<p>B\u00e1r az \u00f6regs\u00e9gi foltok \u00e1rtalmatlanok, m\u00e9gis zavar\u00f3nak tekinthet\u0151k. \u00cdme n\u00e9h\u00e1ny kezel\u00e9si \u00e9s megel\u0151z\u00e9si m\u00f3dszer:<\/p>\n\n\n\n<ol class=\"wp-block-list\">\n<li><strong>Napv\u00e9delem:<\/strong> Az \u00f6regs\u00e9gi foltok megel\u0151z\u00e9s\u00e9nek legfontosabb l\u00e9p\u00e9se a k\u00f6vetkezetes f\u00e9nyv\u00e9delem. Haszn\u00e1ljon kell\u0151en magas f\u00e9nyv\u00e9d\u0151 faktorral rendelkez\u0151 f\u00e9nyv\u00e9d\u0151 kr\u00e9met, viseljen v\u00e9d\u0151ruh\u00e1zatot, \u00e9s ker\u00fclje a t\u00falzott napoz\u00e1st.<\/li>\n\n\n\n<li><strong>Sz\u00e9rum az \u00f6regs\u00e9gi foltok ellen:<\/strong> Az Avush egy term\u00e9szetes sz\u00e9rum az \u00f6regs\u00e9gi foltok ellen hormonok n\u00e9lk\u00fcl.<\/li>\n\n\n\n<li><strong>Helyi kr\u00e9mek:<\/strong> A piacon vannak olyan helyi kr\u00e9mek \u00e9s sz\u00e9rumok, amelyek olyan \u00f6sszetev\u0151ket tartalmaznak, mint a hidrokinon, retinol, C-vitamin \u00e9s kojinsav, amelyek seg\u00edthetnek az \u00f6regs\u00e9gi foltok vil\u00e1gos\u00edt\u00e1s\u00e1ban. Forduljon b\u0151rgy\u00f3gy\u00e1szhoz, hogy megtal\u00e1lja az \u00d6nnek megfelel\u0151 term\u00e9ket.<\/li>\n\n\n\n<li><strong>K\u00e9miai h\u00e1mlaszt\u00e1s:<\/strong> Az olyan \u00f6sszetev\u0151ket tartalmaz\u00f3 k\u00e9miai h\u00e1mlaszt\u00e1s, mint a glikolsav vagy a szalicilsav, seg\u00edthet elt\u00e1vol\u00edtani a b\u0151r fels\u0151 r\u00e9teg\u00e9t \u00e9s jav\u00edthatja az \u00f6regs\u00e9gi foltok megjelen\u00e9s\u00e9t.<\/li>\n\n\n\n<li><strong>L\u00e9zer- \u00e9s f\u00e9nyter\u00e1pia: <\/strong>A korszer\u0171 kezel\u00e9sek, p\u00e9ld\u00e1ul a l\u00e9zer- \u00e9s f\u00e9nyter\u00e1pia kifejezetten az \u00f6regs\u00e9gi foltok elt\u00e1vol\u00edt\u00e1s\u00e1ra haszn\u00e1lhat\u00f3. Forduljon b\u0151rgy\u00f3gy\u00e1szhoz annak meg\u00e1llap\u00edt\u00e1s\u00e1hoz, hogy ezek a lehet\u0151s\u00e9gek alkalmasak-e az \u00d6n sz\u00e1m\u00e1ra.<\/li>\n<\/ol>\n\n\n\n<h2 class=\"wp-block-heading\">K\u00f6vetkeztet\u00e9s:<\/h2>\n\n\n\n<p>Az \u00f6regs\u00e9gi foltok a b\u0151r \u00f6reged\u00e9si folyamat\u00e1nak term\u00e9szetes r\u00e9szei, \u00e9s a t\u00falzott napoz\u00e1s \u00e9s a genetikai hajlam miatt alakulnak ki. B\u00e1r \u00e1rtalmatlanok, kozmetikai szempontb\u00f3l zavar\u00f3ak lehetnek. Az \u00f6regs\u00e9gi foltok megjelen\u00e9s\u00e9t f\u00e9nyv\u00e9d\u0151 kr\u00e9mek \u00e9s c\u00e9lzott kezel\u00e9sek, p\u00e9ld\u00e1ul helyi kr\u00e9mek \u00e9s k\u00e9miai h\u00e1mlaszt\u00e1s haszn\u00e1lat\u00e1val cs\u00f6kkentheti. Konzult\u00e1ljon b\u0151rgy\u00f3gy\u00e1sszal, hogy meghat\u00e1rozhassa az \u00d6n konkr\u00e9t helyzet\u00e9re legmegfelel\u0151bb elj\u00e1r\u00e1st.<\/p>\n\n\n\n<h2 class=\"wp-block-heading\" id=\"h-fragen-und-antworten-zu-altersflecken\">K\u00e9rd\u00e9sek \u00e9s v\u00e1laszok az \u00f6regs\u00e9gi foltokr\u00f3l<\/h2>\n\n\n\t\t<section\t\tclass=\"sc_fs_faq sc_card\"\n\t\t\t\t>\n\t\t\t\t<h3>Az \u00f6regs\u00e9gi foltok ugyanazok, mint a b\u0151rr\u00e1k?<\/h3>\t\t\t\t<div>\n\t\t\t\t\t\t<div class=\"sc_fs_faq__content\">\n\t\t\t\t\n\n<p>Nem, az \u00f6regs\u00e9gi foltok \u00e1ltal\u00e1ban \u00e1rtalmatlanok, \u00e9s nem a b\u0151rr\u00e1k jelei. A t\u00falzott napoz\u00e1s \u00e9s a b\u0151r term\u00e9szetes \u00f6reged\u00e9si folyamata okozza \u0151ket. Mindazon\u00e1ltal fontos, hogy figyelemmel k\u00eds\u00e9rje a b\u0151r v\u00e1ltoz\u00e1s\u00e1t, \u00e9s ha b\u00e1rmilyen aggodalma van, forduljon b\u0151rgy\u00f3gy\u00e1szhoz.<\/p>\n\n\t\t\t<\/div>\n\t\t<\/div>\n\t\t<\/section>\n\t\t\t\t<section\t\tclass=\"sc_fs_faq sc_card\"\n\t\t\t\t>\n\t\t\t\t<h3>Fiatalokn\u00e1l is kialakulhatnak \u00f6regs\u00e9gi foltok?<\/h3>\t\t\t\t<div>\n\t\t\t\t\t\t<div class=\"sc_fs_faq__content\">\n\t\t\t\t\n\n<p>B\u00e1r az \u00f6regs\u00e9gi foltok gyakrabban fordulnak el\u0151 id\u0151sebb emberekn\u00e9l, fiatalabbakn\u00e1l is el\u0151fordulhatnak, k\u00fcl\u00f6n\u00f6sen, ha t\u00fal sokat vannak kit\u00e9ve a napnak, vagy genetikai hajlamuk van r\u00e1. A napv\u00e9delem ez\u00e9rt m\u00e1r fiatal korban is fontos az \u00f6regs\u00e9gi foltok megel\u0151z\u00e9se \u00e9rdek\u00e9ben.<\/p>\n\n\t\t\t<\/div>\n\t\t<\/div>\n\t\t<\/section>\n\t\t\t\t<section\t\tclass=\"sc_fs_faq sc_card\"\n\t\t\t\t>\n\t\t\t\t<h3>Elt\u0171nhetnek az \u00f6regs\u00e9gi foltok magukt\u00f3l?<\/h3>\t\t\t\t<div>\n\t\t\t\t\t\t<div class=\"sc_fs_faq__content\">\n\t\t\t\t\n\n<p>Az \u00f6regs\u00e9gi foltok \u00e1ltal\u00e1ban nem t\u0171nnek el magukt\u00f3l. Bizonyos kezel\u00e9sekkel \u00e9s k\u00f6vetkezetes napv\u00e9delmi int\u00e9zked\u00e9sekkel azonban cs\u00f6kkentheti l\u00e1that\u00f3s\u00e1gukat.<\/p>\n\n\t\t\t<\/div>\n\t\t<\/div>\n\t\t<\/section>\n\t\t\t\t<section\t\tclass=\"sc_fs_faq sc_card\"\n\t\t\t\t>\n\t\t\t\t<h3>Mennyi id\u0151 alatt fejti ki hat\u00e1s\u00e1t az \u00f6regs\u00e9gi foltok elleni kezel\u00e9s?<\/h3>\t\t\t\t<div>\n\t\t\t\t\t\t<div class=\"sc_fs_faq__content\">\n\t\t\t\t\n\n<p>Az \u00f6regs\u00e9gi foltok kezel\u00e9s\u00e9nek eredm\u00e9nyei egy\u00e9nenk\u00e9nt elt\u00e9r\u0151ek lehetnek, \u00e9s sz\u00e1mos t\u00e9nyez\u0151t\u0151l f\u00fcggnek, p\u00e9ld\u00e1ul a foltok s\u00falyoss\u00e1g\u00e1t\u00f3l \u00e9s az alkalmazott kezel\u00e9si m\u00f3dszert\u0151l. \u00c1ltal\u00e1ban t\u00f6bb hetes vagy h\u00f3napos rendszeres alkalmaz\u00e1s sz\u00fcks\u00e9ges a l\u00e1that\u00f3 javul\u00e1s el\u00e9r\u00e9s\u00e9hez.<\/p>\n\n\t\t\t<\/div>\n\t\t<\/div>\n\t\t<\/section>\n\t\t\t\t<section\t\tclass=\"sc_fs_faq sc_card\"\n\t\t\t\t>\n\t\t\t\t<h3>Kezelhetem magam az \u00f6regs\u00e9gi foltokat, vagy fel kell keresnem egy b\u0151rgy\u00f3gy\u00e1szt?<\/h3>\t\t\t\t<div>\n\t\t\t\t\t\t<div class=\"sc_fs_faq__content\">\n\t\t\t\t\n\n<p>Az \u00f6regs\u00e9gi foltok kezel\u00e9s\u00e9re sz\u00e1mos lehet\u0151s\u00e9g van, bele\u00e9rtve a helyi kr\u00e9meket \u00e9s a h\u00e1zi k\u00e9sz\u00edt\u00e9s\u0171 jogorvoslatokat. A pontos diagn\u00f3zis fel\u00e1ll\u00edt\u00e1s\u00e1hoz \u00e9s az \u00d6n konkr\u00e9t helyzet\u00e9re legmegfelel\u0151bb kezel\u00e9si lehet\u0151s\u00e9g meghat\u00e1roz\u00e1s\u00e1hoz azonban aj\u00e1nlatos b\u0151rgy\u00f3gy\u00e1szhoz fordulni.<\/p>\n\n\t\t\t<\/div>\n\t\t<\/div>\n\t\t<\/section>\n\t\t\t\t<section\t\tclass=\"sc_fs_faq sc_card\"\n\t\t\t\t>\n\t\t\t\t<h3>Vannak m\u00f3dszerek az \u00f6regs\u00e9gi foltok megel\u0151z\u00e9s\u00e9re?<\/h3>\t\t\t\t<div>\n\t\t\t\t\t\t<div class=\"sc_fs_faq__content\">\n\t\t\t\t\n\n<p>Igen, tehet l\u00e9p\u00e9seket az \u00f6regs\u00e9gi foltok megjelen\u00e9s\u00e9nek minimaliz\u00e1l\u00e1s\u00e1ra. Haszn\u00e1ljon naponta sz\u00e9les spektrum\u00fa f\u00e9nyv\u00e9d\u0151 kr\u00e9met, viseljen v\u00e9d\u0151ruh\u00e1zatot, \u00e9s ker\u00fclje a t\u00falzott napoz\u00e1st. Haszn\u00e1lhat Lavule sz\u00e9rumot is az \u00f6regs\u00e9gi foltok ellen.<\/p>\n\n\t\t\t<\/div>\n\t\t<\/div>\n\t\t<\/section>\n\t\t\n<script type=\"application\/ld+json\">{\n    \"@context\": \"https:\\\/\\\/schema.org\",\n    \"@type\": \"FAQPage\",\n    \"mainEntity\": [\n        {\n            \"@type\": \"Question\",\n            \"name\": \"Sind Altersflecken dasselbe wie Hautkrebs?\",\n            \"acceptedAnswer\": {\n                \"@type\": \"Answer\",\n                \"text\": \"<p>Nein, Altersflecken sind in der Regel harmlos und kein Zeichen f\\u00fcr Hautkrebs. Sie entstehen durch \\u00fcberm\\u00e4\\u00dfige Sonnenexposition und den nat\\u00fcrlichen Hautalterungsprozess. Dennoch ist es wichtig, Ver\\u00e4nderungen in der Haut zu beobachten und bei Bedenken einen Dermatologen aufzusuchen.<\\\/p>\"\n            }\n        },\n        {\n            \"@type\": \"Question\",\n            \"name\": \"K\\u00f6nnen junge Menschen auch Altersflecken entwickeln?\",\n            \"acceptedAnswer\": {\n                \"@type\": \"Answer\",\n                \"text\": \"<p>Obwohl Altersflecken h\\u00e4ufiger bei \\u00e4lteren Menschen auftreten, k\\u00f6nnen sie auch bei j\\u00fcngeren Menschen auftreten, insbesondere wenn sie \\u00fcberm\\u00e4\\u00dfiger Sonneneinstrahlung ausgesetzt sind oder eine genetische Veranlagung haben. Sonnenschutz ist daher auch in jungen Jahren wichtig, um Altersflecken vorzubeugen.<\\\/p>\"\n            }\n        },\n        {\n            \"@type\": \"Question\",\n            \"name\": \"K\\u00f6nnen Altersflecken von alleine verschwinden?\",\n            \"acceptedAnswer\": {\n                \"@type\": \"Answer\",\n                \"text\": \"<p>Altersflecken verschwinden in der Regel nicht von alleine. Sie k\\u00f6nnen jedoch mit bestimmten Behandlungsmethoden und einem konsequenten Sonnenschutzma\\u00dfnahmen ihre Sichtbarkeit verringern.<\\\/p>\"\n            }\n        },\n        {\n            \"@type\": \"Question\",\n            \"name\": \"Wie lange dauert es, bis Behandlungen gegen Altersflecken wirken?\",\n            \"acceptedAnswer\": {\n                \"@type\": \"Answer\",\n                \"text\": \"<p>Die Ergebnisse von Behandlungen gegen Altersflecken k\\u00f6nnen individuell variieren und h\\u00e4ngen von verschiedenen Faktoren ab, wie der Schwere der Flecken und der angewendeten Behandlungsmethode. In der Regel sind mehrere Wochen oder Monate regelm\\u00e4\\u00dfiger Anwendung erforderlich, um sichtbare Verbesserungen zu erzielen.<\\\/p>\"\n            }\n        },\n        {\n            \"@type\": \"Question\",\n            \"name\": \"Kann ich Altersflecken selbst behandeln oder sollte ich einen Dermatologen aufsuchen?\",\n            \"acceptedAnswer\": {\n                \"@type\": \"Answer\",\n                \"text\": \"<p>Es gibt verschiedene Behandlungsm\\u00f6glichkeiten f\\u00fcr Altersflecken, einschlie\\u00dflich topischer Cremes und hausgemachter Mittel. Es ist jedoch ratsam, einen Dermatologen zu konsultieren, um eine genaue Diagnose zu erhalten und die am besten geeignete Behandlungsoption f\\u00fcr Ihre spezifische Situation zu ermitteln.<\\\/p>\"\n            }\n        },\n        {\n            \"@type\": \"Question\",\n            \"name\": \"Gibt es M\\u00f6glichkeiten, Altersflecken vorzubeugen?\",\n            \"acceptedAnswer\": {\n                \"@type\": \"Answer\",\n                \"text\": \"<p>Ja, Sie k\\u00f6nnen Ma\\u00dfnahmen ergreifen, um das Auftreten von Altersflecken zu minimieren. Verwenden Sie t\\u00e4glich einen breitbandigen Sonnenschutz, tragen Sie Schutzkleidung und vermeiden Sie \\u00fcberm\\u00e4\\u00dfige Sonnenexposition. Sie k\\u00f6nnen auch das Lavule Serum gegen Altersflecken verwenden.<\\\/p>\"\n            }\n        }\n    ]\n}<\/script>\n\n\n\n<div class=\"wp-block-cover alignfull\" style=\"min-height:489px;aspect-ratio:unset;\"><span aria-hidden=\"true\" class=\"wp-block-cover__background has-background-dim-100 has-background-dim\" style=\"background-color:#3168f3\"><\/span><div class=\"wp-block-cover__inner-container is-layout-flow wp-block-cover-is-layout-flow\">\n<h2 class=\"wp-block-heading has-text-align-center has-white-color has-text-color\">Sz\u00e9rum Pigmentfoltok ellen<\/h2>\n\n\n\n<p class=\"has-text-align-center has-white-color has-text-color\">N\u0151k \u00e9s f\u00e9rfiak sz\u00e1m\u00e1ra <br>Sz\u00e1ll\u00edt\u00e1si id\u0151: 3-4 nap<\/p>\n\n\n\n<div class=\"wp-block-buttons is-horizontal is-content-justification-center is-layout-flex wp-container-core-buttons-is-layout-03627597 wp-block-buttons-is-layout-flex\">\n<div class=\"wp-block-button\"><a class=\"wp-block-button__link has-white-background-color has-text-color has-background wp-element-button\" href=\"https:\/\/avush.com\/hu\/termekek\/\" style=\"color:#3168f3\">V\u00e1s\u00e1rl\u00e1s &gt;<\/a><\/div>\n<\/div>\n<\/div><\/div>\n\n\n\n<figure class=\"wp-block-image alignfull size-full\"><a href=\"https:\/\/avush.com\/hu\/\"><img loading=\"lazy\" decoding=\"async\" width=\"1900\" height=\"840\" src=\"https:\/\/avush.com\/wp-content\/uploads\/2023\/06\/Pigmentflecken-Altersflecken.jpg\" alt=\"Pigment\u00e1lt \u00f6regs\u00e9gi foltok\" class=\"wp-image-425\" srcset=\"https:\/\/avush.com\/wp-content\/uploads\/2023\/06\/Pigmentflecken-Altersflecken.jpg 1900w, https:\/\/avush.com\/wp-content\/uploads\/2023\/06\/Pigmentflecken-Altersflecken-300x133.jpg 300w, https:\/\/avush.com\/wp-content\/uploads\/2023\/06\/Pigmentflecken-Altersflecken-1024x453.jpg 1024w, https:\/\/avush.com\/wp-content\/uploads\/2023\/06\/Pigmentflecken-Altersflecken-768x340.jpg 768w, https:\/\/avush.com\/wp-content\/uploads\/2023\/06\/Pigmentflecken-Altersflecken-1536x679.jpg 1536w, https:\/\/avush.com\/wp-content\/uploads\/2023\/06\/Pigmentflecken-Altersflecken-600x265.jpg 600w\" sizes=\"auto, (max-width: 1900px) 100vw, 1900px\" \/><\/a><\/figure>\n\n\n\n<h2 class=\"wp-block-heading\">Tov\u00e1bbi hozz\u00e1j\u00e1rul\u00e1sok<\/h2>\n\n\n\n<div class=\"wp-block-query is-layout-flow wp-block-query-is-layout-flow advgb-dyn-e7df619d\"><ul class=\"wp-block-post-template is-layout-flow wp-block-post-template-is-layout-flow\"><li class=\"wp-block-post post-293 post type-post status-publish format-standard has-post-thumbnail hentry category-altersflecken\">\n\n<div class=\"wp-block-columns are-vertically-aligned-center is-layout-flex wp-container-core-columns-is-layout-28f84493 wp-block-columns-is-layout-flex\">\n<div class=\"wp-block-column is-vertically-aligned-center is-layout-flow wp-block-column-is-layout-flow\" style=\"flex-basis:25%\"><figure class=\"wp-block-post-featured-image\"><a href=\"https:\/\/avush.com\/hu\/oeregsegi-folt-nap\/\" target=\"_self\"  ><img loading=\"lazy\" decoding=\"async\" width=\"1274\" height=\"846\" src=\"https:\/\/avush.com\/wp-content\/uploads\/2023\/06\/Altersflecken-Sonne.jpg\" class=\"attachment-post-thumbnail size-post-thumbnail wp-post-image\" alt=\"\u00d6regs\u00e9gi foltok \u00e9s napoz\u00e1s: Mi\u00e9rt olyan fontos a napv\u00e9delem?\" style=\"object-fit:cover;\" srcset=\"https:\/\/avush.com\/wp-content\/uploads\/2023\/06\/Altersflecken-Sonne.jpg 1274w, https:\/\/avush.com\/wp-content\/uploads\/2023\/06\/Altersflecken-Sonne-300x199.jpg 300w, https:\/\/avush.com\/wp-content\/uploads\/2023\/06\/Altersflecken-Sonne-1024x680.jpg 1024w, https:\/\/avush.com\/wp-content\/uploads\/2023\/06\/Altersflecken-Sonne-768x510.jpg 768w, https:\/\/avush.com\/wp-content\/uploads\/2023\/06\/Altersflecken-Sonne-600x398.jpg 600w\" sizes=\"auto, (max-width: 1274px) 100vw, 1274px\" \/><\/a><\/figure><\/div>\n\n\n\n<div class=\"wp-block-column is-vertically-aligned-center is-layout-flow wp-block-column-is-layout-flow\" style=\"flex-basis:75%\"><h3 class=\"wp-block-post-title\"><a href=\"https:\/\/avush.com\/hu\/oeregsegi-folt-nap\/\" target=\"_self\" >\u00d6regs\u00e9gi foltok \u00e9s napoz\u00e1s: Mi\u00e9rt olyan fontos a napv\u00e9delem?<\/a><\/h3><\/div>\n<\/div>\n\n<\/li><li class=\"wp-block-post post-280 post type-post status-publish format-standard has-post-thumbnail hentry category-altersflecken\">\n\n<div class=\"wp-block-columns are-vertically-aligned-center is-layout-flex wp-container-core-columns-is-layout-28f84493 wp-block-columns-is-layout-flex\">\n<div class=\"wp-block-column is-vertically-aligned-center is-layout-flow wp-block-column-is-layout-flow\" style=\"flex-basis:25%\"><figure class=\"wp-block-post-featured-image\"><a href=\"https:\/\/avush.com\/hu\/oeregsegi-foltok-ferfiak\/\" target=\"_self\"  ><img loading=\"lazy\" decoding=\"async\" width=\"1274\" height=\"846\" src=\"https:\/\/avush.com\/wp-content\/uploads\/2023\/06\/Altersflecken-Maenner.jpg\" class=\"attachment-post-thumbnail size-post-thumbnail wp-post-image\" alt=\"Korfoltok a f\u00e9rfiakn\u00e1l: K\u00f6z\u00f6s probl\u00e9m\u00e1k \u00e9s megold\u00e1sok\" style=\"object-fit:cover;\" srcset=\"https:\/\/avush.com\/wp-content\/uploads\/2023\/06\/Altersflecken-Maenner.jpg 1274w, https:\/\/avush.com\/wp-content\/uploads\/2023\/06\/Altersflecken-Maenner-300x199.jpg 300w, https:\/\/avush.com\/wp-content\/uploads\/2023\/06\/Altersflecken-Maenner-1024x680.jpg 1024w, https:\/\/avush.com\/wp-content\/uploads\/2023\/06\/Altersflecken-Maenner-768x510.jpg 768w, https:\/\/avush.com\/wp-content\/uploads\/2023\/06\/Altersflecken-Maenner-600x398.jpg 600w\" sizes=\"auto, (max-width: 1274px) 100vw, 1274px\" \/><\/a><\/figure><\/div>\n\n\n\n<div class=\"wp-block-column is-vertically-aligned-center is-layout-flow wp-block-column-is-layout-flow\" style=\"flex-basis:75%\"><h3 class=\"wp-block-post-title\"><a href=\"https:\/\/avush.com\/hu\/oeregsegi-foltok-ferfiak\/\" target=\"_self\" >Korfoltok a f\u00e9rfiakn\u00e1l: K\u00f6z\u00f6s probl\u00e9m\u00e1k \u00e9s megold\u00e1sok<\/a><\/h3><\/div>\n<\/div>\n\n<\/li><li class=\"wp-block-post post-265 post type-post status-publish format-standard has-post-thumbnail hentry category-altersflecken\">\n\n<div class=\"wp-block-columns are-vertically-aligned-center is-layout-flex wp-container-core-columns-is-layout-28f84493 wp-block-columns-is-layout-flex\">\n<div class=\"wp-block-column is-vertically-aligned-center is-layout-flow wp-block-column-is-layout-flow\" style=\"flex-basis:25%\"><figure class=\"wp-block-post-featured-image\"><a href=\"https:\/\/avush.com\/hu\/oeregsegi-foltok\/\" target=\"_self\"  ><img loading=\"lazy\" decoding=\"async\" width=\"1274\" height=\"846\" src=\"https:\/\/avush.com\/wp-content\/uploads\/2023\/06\/Altersflecken-01.jpg\" class=\"attachment-post-thumbnail size-post-thumbnail wp-post-image\" alt=\"\u00d6regs\u00e9gi foltok: Mi az \u00e9s hogyan alakulnak ki?\" style=\"object-fit:cover;\" srcset=\"https:\/\/avush.com\/wp-content\/uploads\/2023\/06\/Altersflecken-01.jpg 1274w, https:\/\/avush.com\/wp-content\/uploads\/2023\/06\/Altersflecken-01-300x199.jpg 300w, https:\/\/avush.com\/wp-content\/uploads\/2023\/06\/Altersflecken-01-1024x680.jpg 1024w, https:\/\/avush.com\/wp-content\/uploads\/2023\/06\/Altersflecken-01-768x510.jpg 768w, https:\/\/avush.com\/wp-content\/uploads\/2023\/06\/Altersflecken-01-600x398.jpg 600w\" sizes=\"auto, (max-width: 1274px) 100vw, 1274px\" \/><\/a><\/figure><\/div>\n\n\n\n<div class=\"wp-block-column is-vertically-aligned-center is-layout-flow wp-block-column-is-layout-flow\" style=\"flex-basis:75%\"><h3 class=\"wp-block-post-title\"><a href=\"https:\/\/avush.com\/hu\/oeregsegi-foltok\/\" target=\"_self\" >\u00d6regs\u00e9gi foltok: Mi az \u00e9s hogyan alakulnak ki?<\/a><\/h3><\/div>\n<\/div>\n\n<\/li><li class=\"wp-block-post post-252 post type-post status-publish format-standard has-post-thumbnail hentry category-pigmentflecken\">\n\n<div class=\"wp-block-columns are-vertically-aligned-center is-layout-flex wp-container-core-columns-is-layout-28f84493 wp-block-columns-is-layout-flex\">\n<div class=\"wp-block-column is-vertically-aligned-center is-layout-flow wp-block-column-is-layout-flow\" style=\"flex-basis:25%\"><figure class=\"wp-block-post-featured-image\"><a href=\"https:\/\/avush.com\/hu\/pigmentfolt-hazi-orvossag\/\" target=\"_self\"  ><img loading=\"lazy\" decoding=\"async\" width=\"1274\" height=\"846\" src=\"https:\/\/avush.com\/wp-content\/uploads\/2023\/06\/Hausmittel-Pigmentflecken.jpg\" class=\"attachment-post-thumbnail size-post-thumbnail wp-post-image\" alt=\"Term\u00e9szetes otthoni jogorvoslatok a pigmentfoltok hat\u00e9kony kezel\u00e9s\u00e9re\" style=\"object-fit:cover;\" srcset=\"https:\/\/avush.com\/wp-content\/uploads\/2023\/06\/Hausmittel-Pigmentflecken.jpg 1274w, https:\/\/avush.com\/wp-content\/uploads\/2023\/06\/Hausmittel-Pigmentflecken-300x199.jpg 300w, https:\/\/avush.com\/wp-content\/uploads\/2023\/06\/Hausmittel-Pigmentflecken-1024x680.jpg 1024w, https:\/\/avush.com\/wp-content\/uploads\/2023\/06\/Hausmittel-Pigmentflecken-768x510.jpg 768w, https:\/\/avush.com\/wp-content\/uploads\/2023\/06\/Hausmittel-Pigmentflecken-600x398.jpg 600w\" sizes=\"auto, (max-width: 1274px) 100vw, 1274px\" \/><\/a><\/figure><\/div>\n\n\n\n<div class=\"wp-block-column is-vertically-aligned-center is-layout-flow wp-block-column-is-layout-flow\" style=\"flex-basis:75%\"><h3 class=\"wp-block-post-title\"><a href=\"https:\/\/avush.com\/hu\/pigmentfolt-hazi-orvossag\/\" target=\"_self\" >Term\u00e9szetes otthoni jogorvoslatok a pigmentfoltok hat\u00e9kony kezel\u00e9s\u00e9re<\/a><\/h3><\/div>\n<\/div>\n\n<\/li><li class=\"wp-block-post post-239 post type-post status-publish format-standard has-post-thumbnail hentry category-pigmentflecken\">\n\n<div class=\"wp-block-columns are-vertically-aligned-center is-layout-flex wp-container-core-columns-is-layout-28f84493 wp-block-columns-is-layout-flex\">\n<div class=\"wp-block-column is-vertically-aligned-center is-layout-flow wp-block-column-is-layout-flow\" style=\"flex-basis:25%\"><figure class=\"wp-block-post-featured-image\"><a href=\"https:\/\/avush.com\/hu\/pigmentfolt-tipusok\/\" target=\"_self\"  ><img loading=\"lazy\" decoding=\"async\" width=\"1274\" height=\"846\" src=\"https:\/\/avush.com\/wp-content\/uploads\/2023\/06\/Pigmentflecken-Arten.jpg\" class=\"attachment-post-thumbnail size-post-thumbnail wp-post-image\" alt=\"A k\u00fcl\u00f6nb\u00f6z\u0151 t\u00edpus\u00fa pigmentfoltok \u00e9s azok okai\" style=\"object-fit:cover;\" srcset=\"https:\/\/avush.com\/wp-content\/uploads\/2023\/06\/Pigmentflecken-Arten.jpg 1274w, https:\/\/avush.com\/wp-content\/uploads\/2023\/06\/Pigmentflecken-Arten-300x199.jpg 300w, https:\/\/avush.com\/wp-content\/uploads\/2023\/06\/Pigmentflecken-Arten-1024x680.jpg 1024w, https:\/\/avush.com\/wp-content\/uploads\/2023\/06\/Pigmentflecken-Arten-768x510.jpg 768w, https:\/\/avush.com\/wp-content\/uploads\/2023\/06\/Pigmentflecken-Arten-600x398.jpg 600w\" sizes=\"auto, (max-width: 1274px) 100vw, 1274px\" \/><\/a><\/figure><\/div>\n\n\n\n<div class=\"wp-block-column is-vertically-aligned-center is-layout-flow wp-block-column-is-layout-flow\" style=\"flex-basis:75%\"><h3 class=\"wp-block-post-title\"><a href=\"https:\/\/avush.com\/hu\/pigmentfolt-tipusok\/\" target=\"_self\" >A k\u00fcl\u00f6nb\u00f6z\u0151 t\u00edpus\u00fa pigmentfoltok \u00e9s azok okai<\/a><\/h3><\/div>\n<\/div>\n\n<\/li><\/ul><\/div>","protected":false},"excerpt":{"rendered":"<p>Altersflecken, auch bekannt als senile Lentigines, sind ein h\u00e4ufiges Hautproblem, das mit zunehmendem Alter auftritt. Diese braunen Flecken k\u00f6nnen auf verschiedenen K\u00f6rperbereichen wie Gesicht, H\u00e4nden, Armen und Schultern auftreten und [&hellip;]<\/p>","protected":false},"author":3,"featured_media":268,"comment_status":"closed","ping_status":"closed","sticky":false,"template":"","format":"standard","meta":{"_uag_custom_page_level_css":"","advgb_blocks_editor_width":"","advgb_blocks_columns_visual_guide":"","site-sidebar-layout":"default","site-content-layout":"","ast-site-content-layout":"default","site-content-style":"default","site-sidebar-style":"default","ast-global-header-display":"","ast-banner-title-visibility":"","ast-main-header-display":"","ast-hfb-above-header-display":"","ast-hfb-below-header-display":"","ast-hfb-mobile-header-display":"","site-post-title":"","ast-breadcrumbs-content":"","ast-featured-img":"","footer-sml-layout":"","ast-disable-related-posts":"","theme-transparent-header-meta":"","adv-header-id-meta":"","stick-header-meta":"","header-above-stick-meta":"","header-main-stick-meta":"","header-below-stick-meta":"","astra-migrate-meta-layouts":"default","ast-page-background-enabled":"default","ast-page-background-meta":{"desktop":{"background-color":"","background-image":"","background-repeat":"repeat","background-position":"center center","background-size":"auto","background-attachment":"scroll","background-type":"","background-media":"","overlay-type":"","overlay-color":"","overlay-opacity":"","overlay-gradient":""},"tablet":{"background-color":"","background-image":"","background-repeat":"repeat","background-position":"center center","background-size":"auto","background-attachment":"scroll","background-type":"","background-media":"","overlay-type":"","overlay-color":"","overlay-opacity":"","overlay-gradient":""},"mobile":{"background-color":"","background-image":"","background-repeat":"repeat","background-position":"center center","background-size":"auto","background-attachment":"scroll","background-type":"","background-media":"","overlay-type":"","overlay-color":"","overlay-opacity":"","overlay-gradient":""}},"ast-content-background-meta":{"desktop":{"background-color":"var(--ast-global-color-5)","background-image":"","background-repeat":"repeat","background-position":"center center","background-size":"auto","background-attachment":"scroll","background-type":"","background-media":"","overlay-type":"","overlay-color":"","overlay-opacity":"","overlay-gradient":""},"tablet":{"background-color":"var(--ast-global-color-5)","background-image":"","background-repeat":"repeat","background-position":"center center","background-size":"auto","background-attachment":"scroll","background-type":"","background-media":"","overlay-type":"","overlay-color":"","overlay-opacity":"","overlay-gradient":""},"mobile":{"background-color":"var(--ast-global-color-5)","background-image":"","background-repeat":"repeat","background-position":"center center","background-size":"auto","background-attachment":"scroll","background-type":"","background-media":"","overlay-type":"","overlay-color":"","overlay-opacity":"","overlay-gradient":""}},"footnotes":""},"categories":[34],"tags":[],"class_list":["post-265","post","type-post","status-publish","format-standard","has-post-thumbnail","hentry","category-altersflecken"],"yoast_head":"<!-- This site is optimized with the Yoast SEO Premium plugin v26.6 (Yoast SEO v26.6) - https:\/\/yoast.com\/wordpress\/plugins\/seo\/ -->\n<title>Altersflecken: Was sind sie und wie entstehen sie? - Avush<\/title>\n<meta name=\"description\" content=\"Was genau sind Altersflecken und wie kann ich sie vorbeugen? In diesem Artikel erkl\u00e4ren wir Ihnen was Altersflecken sind und Behandlungen.\" \/>\n<meta name=\"robots\" content=\"index, follow, max-snippet:-1, max-image-preview:large, max-video-preview:-1\" \/>\n<link rel=\"canonical\" href=\"https:\/\/avush.com\/hu\/\u0441\u0442\u0430\u0440\u0447\u0435\u0441\u043a\u0438-\u043f\u0435\u0442\u043d\u0430\/\" \/>\n<meta property=\"og:locale\" content=\"hu_HU\" \/>\n<meta property=\"og:type\" content=\"article\" \/>\n<meta property=\"og:title\" content=\"Altersflecken: Was sind sie und wie entstehen sie?\" \/>\n<meta property=\"og:description\" content=\"Was genau sind Altersflecken und wie kann ich sie vorbeugen? In diesem Artikel erkl\u00e4ren wir Ihnen was Altersflecken sind und Behandlungen.\" \/>\n<meta property=\"og:url\" content=\"https:\/\/avush.com\/hu\/\u0441\u0442\u0430\u0440\u0447\u0435\u0441\u043a\u0438-\u043f\u0435\u0442\u043d\u0430\/\" \/>\n<meta property=\"og:site_name\" content=\"Avush\" \/>\n<meta property=\"article:published_time\" content=\"2023-06-24T09:07:07+00:00\" \/>\n<meta property=\"article:modified_time\" content=\"2023-07-06T12:44:30+00:00\" \/>\n<meta property=\"og:image\" content=\"https:\/\/avush.com\/wp-content\/uploads\/2023\/06\/Altersflecken-01.jpg\" \/>\n\t<meta property=\"og:image:width\" content=\"1274\" \/>\n\t<meta property=\"og:image:height\" content=\"846\" \/>\n\t<meta property=\"og:image:type\" content=\"image\/jpeg\" \/>\n<meta name=\"author\" content=\"Jerey Moren\" \/>\n<meta name=\"twitter:card\" content=\"summary_large_image\" \/>\n<meta name=\"twitter:label1\" content=\"Szerz\u0151:\" \/>\n\t<meta name=\"twitter:data1\" content=\"Jerey Moren\" \/>\n\t<meta name=\"twitter:label2\" content=\"Becs\u00fclt olvas\u00e1si id\u0151\" \/>\n\t<meta name=\"twitter:data2\" content=\"5 perc\" \/>\n<script type=\"application\/ld+json\" class=\"yoast-schema-graph\">{\"@context\":\"https:\/\/schema.org\",\"@graph\":[{\"@type\":\"Article\",\"@id\":\"https:\/\/avush.com\/bg\/\u0441\u0442\u0430\u0440\u0447\u0435\u0441\u043a\u0438-\u043f\u0435\u0442\u043d\u0430\/#article\",\"isPartOf\":{\"@id\":\"https:\/\/avush.com\/bg\/\u0441\u0442\u0430\u0440\u0447\u0435\u0441\u043a\u0438-\u043f\u0435\u0442\u043d\u0430\/\"},\"author\":{\"name\":\"Jerey Moren\",\"@id\":\"https:\/\/avush.com\/de\/#\/schema\/person\/c75e8faec91efe95eebec0e6de7db6e1\"},\"headline\":\"Altersflecken: Was sind sie und wie entstehen sie?\",\"datePublished\":\"2023-06-24T09:07:07+00:00\",\"dateModified\":\"2023-07-06T12:44:30+00:00\",\"mainEntityOfPage\":{\"@id\":\"https:\/\/avush.com\/bg\/\u0441\u0442\u0430\u0440\u0447\u0435\u0441\u043a\u0438-\u043f\u0435\u0442\u043d\u0430\/\"},\"wordCount\":755,\"publisher\":{\"@id\":\"https:\/\/avush.com\/de\/#organization\"},\"image\":{\"@id\":\"https:\/\/avush.com\/bg\/\u0441\u0442\u0430\u0440\u0447\u0435\u0441\u043a\u0438-\u043f\u0435\u0442\u043d\u0430\/#primaryimage\"},\"thumbnailUrl\":\"https:\/\/avush.com\/wp-content\/uploads\/2023\/06\/Altersflecken-01.jpg\",\"articleSection\":[\"Altersflecken\"],\"inLanguage\":\"hu\"},{\"@type\":\"WebPage\",\"@id\":\"https:\/\/avush.com\/bg\/\u0441\u0442\u0430\u0440\u0447\u0435\u0441\u043a\u0438-\u043f\u0435\u0442\u043d\u0430\/\",\"url\":\"https:\/\/avush.com\/bg\/\u0441\u0442\u0430\u0440\u0447\u0435\u0441\u043a\u0438-\u043f\u0435\u0442\u043d\u0430\/\",\"name\":\"Altersflecken: Was sind sie und wie entstehen sie? - Avush\",\"isPartOf\":{\"@id\":\"https:\/\/avush.com\/de\/#website\"},\"primaryImageOfPage\":{\"@id\":\"https:\/\/avush.com\/bg\/\u0441\u0442\u0430\u0440\u0447\u0435\u0441\u043a\u0438-\u043f\u0435\u0442\u043d\u0430\/#primaryimage\"},\"image\":{\"@id\":\"https:\/\/avush.com\/bg\/\u0441\u0442\u0430\u0440\u0447\u0435\u0441\u043a\u0438-\u043f\u0435\u0442\u043d\u0430\/#primaryimage\"},\"thumbnailUrl\":\"https:\/\/avush.com\/wp-content\/uploads\/2023\/06\/Altersflecken-01.jpg\",\"datePublished\":\"2023-06-24T09:07:07+00:00\",\"dateModified\":\"2023-07-06T12:44:30+00:00\",\"description\":\"Was genau sind Altersflecken und wie kann ich sie vorbeugen? In diesem Artikel erkl\u00e4ren wir Ihnen was Altersflecken sind und Behandlungen.\",\"breadcrumb\":{\"@id\":\"https:\/\/avush.com\/bg\/\u0441\u0442\u0430\u0440\u0447\u0435\u0441\u043a\u0438-\u043f\u0435\u0442\u043d\u0430\/#breadcrumb\"},\"inLanguage\":\"hu\",\"potentialAction\":[{\"@type\":\"ReadAction\",\"target\":[\"https:\/\/avush.com\/bg\/\u0441\u0442\u0430\u0440\u0447\u0435\u0441\u043a\u0438-\u043f\u0435\u0442\u043d\u0430\/\"]}]},{\"@type\":\"ImageObject\",\"inLanguage\":\"hu\",\"@id\":\"https:\/\/avush.com\/bg\/\u0441\u0442\u0430\u0440\u0447\u0435\u0441\u043a\u0438-\u043f\u0435\u0442\u043d\u0430\/#primaryimage\",\"url\":\"https:\/\/avush.com\/wp-content\/uploads\/2023\/06\/Altersflecken-01.jpg\",\"contentUrl\":\"https:\/\/avush.com\/wp-content\/uploads\/2023\/06\/Altersflecken-01.jpg\",\"width\":1274,\"height\":846,\"caption\":\"Altersflecken\"},{\"@type\":\"BreadcrumbList\",\"@id\":\"https:\/\/avush.com\/bg\/\u0441\u0442\u0430\u0440\u0447\u0435\u0441\u043a\u0438-\u043f\u0435\u0442\u043d\u0430\/#breadcrumb\",\"itemListElement\":[{\"@type\":\"ListItem\",\"position\":1,\"name\":\"Home\",\"item\":\"https:\/\/avush.com\/\"},{\"@type\":\"ListItem\",\"position\":2,\"name\":\"Altersflecken: Was sind sie und wie entstehen sie?\"}]},{\"@type\":\"WebSite\",\"@id\":\"https:\/\/avush.com\/de\/#website\",\"url\":\"https:\/\/avush.com\/de\/\",\"name\":\"Avush\",\"description\":\"Pigmentflecken &amp; Altersflecken Serum\",\"publisher\":{\"@id\":\"https:\/\/avush.com\/de\/#organization\"},\"potentialAction\":[{\"@type\":\"SearchAction\",\"target\":{\"@type\":\"EntryPoint\",\"urlTemplate\":\"https:\/\/avush.com\/de\/?s={search_term_string}\"},\"query-input\":{\"@type\":\"PropertyValueSpecification\",\"valueRequired\":true,\"valueName\":\"search_term_string\"}}],\"inLanguage\":\"hu\"},{\"@type\":\"Organization\",\"@id\":\"https:\/\/avush.com\/de\/#organization\",\"name\":\"Avush\",\"url\":\"https:\/\/avush.com\/de\/\",\"logo\":{\"@type\":\"ImageObject\",\"inLanguage\":\"hu\",\"@id\":\"https:\/\/avush.com\/de\/#\/schema\/logo\/image\/\",\"url\":\"https:\/\/avush.com\/wp-content\/uploads\/2023\/07\/cropped-Avush-Logo-1.png\",\"contentUrl\":\"https:\/\/avush.com\/wp-content\/uploads\/2023\/07\/cropped-Avush-Logo-1.png\",\"width\":200,\"height\":74,\"caption\":\"Avush\"},\"image\":{\"@id\":\"https:\/\/avush.com\/de\/#\/schema\/logo\/image\/\"}},{\"@type\":\"Person\",\"@id\":\"https:\/\/avush.com\/de\/#\/schema\/person\/c75e8faec91efe95eebec0e6de7db6e1\",\"name\":\"Jerey Moren\",\"image\":{\"@type\":\"ImageObject\",\"inLanguage\":\"hu\",\"@id\":\"https:\/\/avush.com\/de\/#\/schema\/person\/image\/\",\"url\":\"https:\/\/secure.gravatar.com\/avatar\/de5d8989edc5c2ff065ce763956895bf1e8d11650bf369c625ab5776af1a190b?s=96&d=mm&r=g\",\"contentUrl\":\"https:\/\/secure.gravatar.com\/avatar\/de5d8989edc5c2ff065ce763956895bf1e8d11650bf369c625ab5776af1a190b?s=96&d=mm&r=g\",\"caption\":\"Jerey Moren\"},\"url\":\"https:\/\/avush.com\/hu\/author\/jerey\/\"}]}<\/script>\n<!-- \/ Yoast SEO Premium plugin. -->","yoast_head_json":{"title":"\u00d6regs\u00e9gi foltok: Mi az \u00e9s hogyan alakulnak ki? - Avush","description":"Mik is pontosan az \u00f6regs\u00e9gi foltok, \u00e9s hogyan lehet megel\u0151zni \u0151ket? Ebben a cikkben elmagyar\u00e1zzuk, hogy mik az \u00f6regs\u00e9gi foltok \u00e9s a kezel\u00e9sek.","robots":{"index":"index","follow":"follow","max-snippet":"max-snippet:-1","max-image-preview":"max-image-preview:large","max-video-preview":"max-video-preview:-1"},"canonical":"https:\/\/avush.com\/hu\/\u0441\u0442\u0430\u0440\u0447\u0435\u0441\u043a\u0438-\u043f\u0435\u0442\u043d\u0430\/","og_locale":"hu_HU","og_type":"article","og_title":"Altersflecken: Was sind sie und wie entstehen sie?","og_description":"Was genau sind Altersflecken und wie kann ich sie vorbeugen? In diesem Artikel erkl\u00e4ren wir Ihnen was Altersflecken sind und Behandlungen.","og_url":"https:\/\/avush.com\/hu\/\u0441\u0442\u0430\u0440\u0447\u0435\u0441\u043a\u0438-\u043f\u0435\u0442\u043d\u0430\/","og_site_name":"Avush","article_published_time":"2023-06-24T09:07:07+00:00","article_modified_time":"2023-07-06T12:44:30+00:00","og_image":[{"width":1274,"height":846,"url":"https:\/\/avush.com\/wp-content\/uploads\/2023\/06\/Altersflecken-01.jpg","type":"image\/jpeg"}],"author":"Jerey Moren","twitter_card":"summary_large_image","twitter_misc":{"Szerz\u0151:":"Jerey Moren","Becs\u00fclt olvas\u00e1si id\u0151":"5 perc"},"schema":{"@context":"https:\/\/schema.org","@graph":[{"@type":"Article","@id":"https:\/\/avush.com\/bg\/\u0441\u0442\u0430\u0440\u0447\u0435\u0441\u043a\u0438-\u043f\u0435\u0442\u043d\u0430\/#article","isPartOf":{"@id":"https:\/\/avush.com\/bg\/\u0441\u0442\u0430\u0440\u0447\u0435\u0441\u043a\u0438-\u043f\u0435\u0442\u043d\u0430\/"},"author":{"name":"Jerey Moren","@id":"https:\/\/avush.com\/de\/#\/schema\/person\/c75e8faec91efe95eebec0e6de7db6e1"},"headline":"Altersflecken: Was sind sie und wie entstehen sie?","datePublished":"2023-06-24T09:07:07+00:00","dateModified":"2023-07-06T12:44:30+00:00","mainEntityOfPage":{"@id":"https:\/\/avush.com\/bg\/\u0441\u0442\u0430\u0440\u0447\u0435\u0441\u043a\u0438-\u043f\u0435\u0442\u043d\u0430\/"},"wordCount":755,"publisher":{"@id":"https:\/\/avush.com\/de\/#organization"},"image":{"@id":"https:\/\/avush.com\/bg\/\u0441\u0442\u0430\u0440\u0447\u0435\u0441\u043a\u0438-\u043f\u0435\u0442\u043d\u0430\/#primaryimage"},"thumbnailUrl":"https:\/\/avush.com\/wp-content\/uploads\/2023\/06\/Altersflecken-01.jpg","articleSection":["Altersflecken"],"inLanguage":"hu"},{"@type":"WebPage","@id":"https:\/\/avush.com\/bg\/\u0441\u0442\u0430\u0440\u0447\u0435\u0441\u043a\u0438-\u043f\u0435\u0442\u043d\u0430\/","url":"https:\/\/avush.com\/bg\/\u0441\u0442\u0430\u0440\u0447\u0435\u0441\u043a\u0438-\u043f\u0435\u0442\u043d\u0430\/","name":"\u00d6regs\u00e9gi foltok: Mi az \u00e9s hogyan alakulnak ki? - Avush","isPartOf":{"@id":"https:\/\/avush.com\/de\/#website"},"primaryImageOfPage":{"@id":"https:\/\/avush.com\/bg\/\u0441\u0442\u0430\u0440\u0447\u0435\u0441\u043a\u0438-\u043f\u0435\u0442\u043d\u0430\/#primaryimage"},"image":{"@id":"https:\/\/avush.com\/bg\/\u0441\u0442\u0430\u0440\u0447\u0435\u0441\u043a\u0438-\u043f\u0435\u0442\u043d\u0430\/#primaryimage"},"thumbnailUrl":"https:\/\/avush.com\/wp-content\/uploads\/2023\/06\/Altersflecken-01.jpg","datePublished":"2023-06-24T09:07:07+00:00","dateModified":"2023-07-06T12:44:30+00:00","description":"Mik is pontosan az \u00f6regs\u00e9gi foltok, \u00e9s hogyan lehet megel\u0151zni \u0151ket? Ebben a cikkben elmagyar\u00e1zzuk, hogy mik az \u00f6regs\u00e9gi foltok \u00e9s a kezel\u00e9sek.","breadcrumb":{"@id":"https:\/\/avush.com\/bg\/\u0441\u0442\u0430\u0440\u0447\u0435\u0441\u043a\u0438-\u043f\u0435\u0442\u043d\u0430\/#breadcrumb"},"inLanguage":"hu","potentialAction":[{"@type":"ReadAction","target":["https:\/\/avush.com\/bg\/\u0441\u0442\u0430\u0440\u0447\u0435\u0441\u043a\u0438-\u043f\u0435\u0442\u043d\u0430\/"]}]},{"@type":"ImageObject","inLanguage":"hu","@id":"https:\/\/avush.com\/bg\/\u0441\u0442\u0430\u0440\u0447\u0435\u0441\u043a\u0438-\u043f\u0435\u0442\u043d\u0430\/#primaryimage","url":"https:\/\/avush.com\/wp-content\/uploads\/2023\/06\/Altersflecken-01.jpg","contentUrl":"https:\/\/avush.com\/wp-content\/uploads\/2023\/06\/Altersflecken-01.jpg","width":1274,"height":846,"caption":"Altersflecken"},{"@type":"BreadcrumbList","@id":"https:\/\/avush.com\/bg\/\u0441\u0442\u0430\u0440\u0447\u0435\u0441\u043a\u0438-\u043f\u0435\u0442\u043d\u0430\/#breadcrumb","itemListElement":[{"@type":"ListItem","position":1,"name":"Home","item":"https:\/\/avush.com\/"},{"@type":"ListItem","position":2,"name":"Altersflecken: Was sind sie und wie entstehen sie?"}]},{"@type":"WebSite","@id":"https:\/\/avush.com\/de\/#website","url":"https:\/\/avush.com\/de\/","name":"Avush","description":"Pigmentfoltok \u00e9s \u00f6regs\u00e9gi foltok sz\u00e9rum","publisher":{"@id":"https:\/\/avush.com\/de\/#organization"},"potentialAction":[{"@type":"SearchAction","target":{"@type":"EntryPoint","urlTemplate":"https:\/\/avush.com\/de\/?s={search_term_string}"},"query-input":{"@type":"PropertyValueSpecification","valueRequired":true,"valueName":"search_term_string"}}],"inLanguage":"hu"},{"@type":"Organization","@id":"https:\/\/avush.com\/de\/#organization","name":"Avush","url":"https:\/\/avush.com\/de\/","logo":{"@type":"ImageObject","inLanguage":"hu","@id":"https:\/\/avush.com\/de\/#\/schema\/logo\/image\/","url":"https:\/\/avush.com\/wp-content\/uploads\/2023\/07\/cropped-Avush-Logo-1.png","contentUrl":"https:\/\/avush.com\/wp-content\/uploads\/2023\/07\/cropped-Avush-Logo-1.png","width":200,"height":74,"caption":"Avush"},"image":{"@id":"https:\/\/avush.com\/de\/#\/schema\/logo\/image\/"}},{"@type":"Person","@id":"https:\/\/avush.com\/de\/#\/schema\/person\/c75e8faec91efe95eebec0e6de7db6e1","name":"Jerey Moren","image":{"@type":"ImageObject","inLanguage":"hu","@id":"https:\/\/avush.com\/de\/#\/schema\/person\/image\/","url":"https:\/\/secure.gravatar.com\/avatar\/de5d8989edc5c2ff065ce763956895bf1e8d11650bf369c625ab5776af1a190b?s=96&d=mm&r=g","contentUrl":"https:\/\/secure.gravatar.com\/avatar\/de5d8989edc5c2ff065ce763956895bf1e8d11650bf369c625ab5776af1a190b?s=96&d=mm&r=g","caption":"Jerey Moren"},"url":"https:\/\/avush.com\/hu\/author\/jerey\/"}]}},"author_meta":{"display_name":"Jerey Moren","author_link":"https:\/\/avush.com\/hu\/author\/jerey\/"},"featured_img":"https:\/\/avush.com\/wp-content\/uploads\/2023\/06\/Altersflecken-01-300x199.jpg","uagb_featured_image_src":{"full":["https:\/\/avush.com\/wp-content\/uploads\/2023\/06\/Altersflecken-01.jpg",1274,846,false],"thumbnail":["https:\/\/avush.com\/wp-content\/uploads\/2023\/06\/Altersflecken-01-150x150.jpg",150,150,true],"medium":["https:\/\/avush.com\/wp-content\/uploads\/2023\/06\/Altersflecken-01-300x199.jpg",300,199,true],"medium_large":["https:\/\/avush.com\/wp-content\/uploads\/2023\/06\/Altersflecken-01-768x510.jpg",768,510,true],"large":["https:\/\/avush.com\/wp-content\/uploads\/2023\/06\/Altersflecken-01-1024x680.jpg",1024,680,true],"1536x1536":["https:\/\/avush.com\/wp-content\/uploads\/2023\/06\/Altersflecken-01.jpg",1274,846,false],"2048x2048":["https:\/\/avush.com\/wp-content\/uploads\/2023\/06\/Altersflecken-01.jpg",1274,846,false],"trp-custom-language-flag":["https:\/\/avush.com\/wp-content\/uploads\/2023\/06\/Altersflecken-01.jpg",18,12,false],"woocommerce_thumbnail":["https:\/\/avush.com\/wp-content\/uploads\/2023\/06\/Altersflecken-01-300x300.jpg",300,300,true],"woocommerce_single":["https:\/\/avush.com\/wp-content\/uploads\/2023\/06\/Altersflecken-01-600x398.jpg",600,398,true],"woocommerce_gallery_thumbnail":["https:\/\/avush.com\/wp-content\/uploads\/2023\/06\/Altersflecken-01-100x100.jpg",100,100,true]},"uagb_author_info":{"display_name":"Jerey Moren","author_link":"https:\/\/avush.com\/hu\/author\/jerey\/"},"uagb_comment_info":0,"uagb_excerpt":"Altersflecken, auch bekannt als senile Lentigines, sind ein h\u00e4ufiges Hautproblem, das mit zunehmendem Alter auftritt. Diese braunen Flecken k\u00f6nnen auf verschiedenen K\u00f6rperbereichen wie Gesicht, H\u00e4nden, Armen und Schultern auftreten und [&hellip;]","coauthors":[],"tax_additional":{"categories":{"linked":["<a href=\"https:\/\/avush.com\/hu\/category\/oeregsegi-foltok\/\" class=\"advgb-post-tax-term\">Altersflecken<\/a>"],"unlinked":["<span class=\"advgb-post-tax-term\">Altersflecken<\/span>"]}},"comment_count":"0","relative_dates":{"created":"Posted 3 \u00e9v ago","modified":"Updated 3 \u00e9v ago"},"absolute_dates":{"created":"Posted on j\u00fanius 24, 2023","modified":"Updated on j\u00falius 6, 2023"},"absolute_dates_time":{"created":"Posted on j\u00fanius 24, 2023 9:07 de.","modified":"Updated on j\u00falius 6, 2023 12:44 du."},"featured_img_caption":"Altersflecken","series_order":"","_links":{"self":[{"href":"https:\/\/avush.com\/hu\/wp-json\/wp\/v2\/posts\/265","targetHints":{"allow":["GET"]}}],"collection":[{"href":"https:\/\/avush.com\/hu\/wp-json\/wp\/v2\/posts"}],"about":[{"href":"https:\/\/avush.com\/hu\/wp-json\/wp\/v2\/types\/post"}],"author":[{"embeddable":true,"href":"https:\/\/avush.com\/hu\/wp-json\/wp\/v2\/users\/3"}],"replies":[{"embeddable":true,"href":"https:\/\/avush.com\/hu\/wp-json\/wp\/v2\/comments?post=265"}],"version-history":[{"count":10,"href":"https:\/\/avush.com\/hu\/wp-json\/wp\/v2\/posts\/265\/revisions"}],"predecessor-version":[{"id":434,"href":"https:\/\/avush.com\/hu\/wp-json\/wp\/v2\/posts\/265\/revisions\/434"}],"wp:featuredmedia":[{"embeddable":true,"href":"https:\/\/avush.com\/hu\/wp-json\/wp\/v2\/media\/268"}],"wp:attachment":[{"href":"https:\/\/avush.com\/hu\/wp-json\/wp\/v2\/media?parent=265"}],"wp:term":[{"taxonomy":"category","embeddable":true,"href":"https:\/\/avush.com\/hu\/wp-json\/wp\/v2\/categories?post=265"},{"taxonomy":"post_tag","embeddable":true,"href":"https:\/\/avush.com\/hu\/wp-json\/wp\/v2\/tags?post=265"}],"curies":[{"name":"wp","href":"https:\/\/api.w.org\/{rel}","templated":true}]}}